{"id":156812,"date":"2011-04-27T19:03:20","date_gmt":"2011-04-27T17:03:20","guid":{"rendered":"http:\/\/www.ivg.it\/?p=156812"},"modified":"2011-04-27T19:32:41","modified_gmt":"2011-04-27T17:32:41","slug":"primo-maggio-a-savona-il-corteo-alternativo-della-cub","status":"publish","type":"post","link":"https:\/\/staging.ivg.it\/2011\/04\/primo-maggio-a-savona-il-corteo-alternativo-della-cub\/","title":{"rendered":"Primo Maggio: a Savona il &#8220;corteo alternativo&#8221; della Cub"},"content":{"rendered":"<p><strong>Savona.<\/strong> La Confederazione Unitaria di Base di Savona &#8211; Cub &#8211; celebrarer\u00e0 il prossimo primo maggio con una manifestazione separata rispetto alle sigle confederali, in programma con presidio in piazza Saffi a partire dalle ore 9 e 30. &#8220;Un corteo separato per esprimere il nostro dissenso rispetto alle posizioni espresse dagli stessi soprattutto sulle tematiche locali che cos\u00ec grande importanza rivestono per i cittadini della provincia, quali il raddoppio della produzione di energia elettrica bruciando carbone e la costruzione della piattaforma Maersk&#8221; si legge in una nota della Cub.<\/p>\n<p>&#8220;Cos\u00ec come non possiamo confonderci con quelli che giustificano la guerra come &#8220;una dolorosa necessit\u00e0&#8221; o ritengono la precariet\u00e0 la giusta cura per la malata economia italiana. Scartata quindi l&#8217;ipotesi di portare in piazza striscioni e cartelli contrari, per non offrire il fianco a chi l&#8217;avrebbe letta come una provocazione ad una manifestazione organizzata da altri, non ci restava che rinunciare a manifestare il primo maggio o costruire una manifestazione basata su obiettivi alternativi&#8221;.<\/p>\n<p>&#8220;Abbiamo scelto la seconda strada, quella che cerca di tenere insieme in un unico momento di partecipazione lavoratori e cittadini, ambiente e salute, partendo dai SI e sottolineando a cosa si contrappongono&#8221; conclude la nota.<\/p>\n","protected":false},"excerpt":{"rendered":"<p>Savona. La Confederazione Unitaria di Base di Savona &#8211; Cub &#8211; celebrarer\u00e0 il prossimo primo maggio con una manifestazione separata rispetto alle sigle confederali, in programma con presidio in piazza Saffi a partire dalle ore 9 e 30. &#8220;Un corteo separato per esprimere il nostro dissenso rispetto alle posizioni espresse dagli stessi soprattutto sulle tematiche [&hellip;]<\/p>\n","protected":false},"author":13744,"featured_media":0,"comment_status":"open","ping_status":"closed","sticky":false,"template":"","format":"standard","meta":{"footnotes":""},"categories":[],"tags":[17020,9294,85850],"class_list":["post-156812","post","type-post","status-publish","format-standard","hentry","tag-cub","tag-primo-maggio","tag-savona","post_cat_citta-andora","post_cat_citta-savona"],"amp_validity":null,"amp_enabled":true,"_links":{"self":[{"href":"https:\/\/staging.ivg.it\/ediapi\/wp\/v2\/posts\/156812","targetHints":{"allow":["GET"]}}],"collection":[{"href":"https:\/\/staging.ivg.it\/ediapi\/wp\/v2\/posts"}],"about":[{"href":"https:\/\/staging.ivg.it\/ediapi\/wp\/v2\/types\/post"}],"author":[{"embeddable":true,"href":"https:\/\/staging.ivg.it\/ediapi\/wp\/v2\/users\/13744"}],"replies":[{"embeddable":true,"href":"https:\/\/staging.ivg.it\/ediapi\/wp\/v2\/comments?post=156812"}],"version-history":[{"count":0,"href":"https:\/\/staging.ivg.it\/ediapi\/wp\/v2\/posts\/156812\/revisions"}],"wp:attachment":[{"href":"https:\/\/staging.ivg.it\/ediapi\/wp\/v2\/media?parent=156812"}],"wp:term":[{"taxonomy":"category","embeddable":true,"href":"https:\/\/staging.ivg.it\/ediapi\/wp\/v2\/categories?post=156812"},{"taxonomy":"post_tag","embeddable":true,"href":"https:\/\/staging.ivg.it\/ediapi\/wp\/v2\/tags?post=156812"}],"curies":[{"name":"wp","href":"https:\/\/api.w.org\/{rel}","templated":true}]}}