{"id":156062,"date":"2011-04-23T18:13:01","date_gmt":"2011-04-23T16:13:01","guid":{"rendered":"http:\/\/www.ivg.it\/?p=156062"},"modified":"2011-04-23T18:30:26","modified_gmt":"2011-04-23T16:30:26","slug":"calcio-savona-feralpi-ecco-le-interviste","status":"publish","type":"post","link":"https:\/\/staging.ivg.it\/2011\/04\/calcio-savona-feralpi-ecco-le-interviste\/","title":{"rendered":"Calcio, Savona-Feralpi: ecco le interviste"},"content":{"rendered":"<p><strong>Savona.<\/strong> Rastelli, mister del Feralpi, \u00e8 il primo ad arrivare in sala stampa per commentare la vittoria esterna della sua squadra contro il Savona: &#8220;Una vittoria meritata qui contro una squadra forte e fisicamente forte. Sappiamo che in questo campionato le sorprese non finiscono mai. Abbiamo ancora la speranza per un eventuale primo posto e faremo il tutto per tutto&#8221;.<\/p>\n<p>Poi arriva mister Foschi: &#8220;Nelle ultime due partite siamo stati anche un po&#8217; sfortunati: domenica scorsa meritavamo la vittoria e non ce l&#8217;abbiamo fatta, oggi meritavamo il pari e non siamo riusciti a portare punti a casa. Abbiamo fatto un percorso importante da gennaio ad oggi e non riesco a rimproverare niente ai ragazzi. Il pareggio sarebbe stato giusto oggi. Ci sono due gare e cercheremo di fare il massimo, c&#8217;\u00e8 una stagione da portare al termine, dobbiamo concludere cercando di fare davvero il massimo. Dobbiamo continuare a lavorare e non lasciare nulla di intentato, ci proveremo fino alla fine&#8221;.<\/p>\n<p>Infine arriva Briano: &#8220;Non siamo riusciti a fare le cose come le avevamo provate. La volont\u00e0 della squadra era chiara dal primo minuto. Loro sono una buona squadra. Paradossalmente in queste ultime due partite abbiamo creato tanto e raccolto niente. C&#8217;\u00e8 tanta amarezza, i numeri li sappiamo e li lasciamo da parte e non li commento. Gli episodi fanno parte del gioco. L&#8217;unico rammarico che ho \u00e8 che se avessimo sviluppato certe prestazioni prima: pi\u00f9 propositivi e spregiudicati forse in questo campionato avremmo portato a casa pi\u00f9 punti. Dispiace perch\u00e8 l&#8217;obiettivo era andare su, ad oggi per\u00f2 la matematica non ci condanna. Voglio dire che il cammino del Savona non termina tra due partite, ma l&#8217;ambizione del Savona continua&#8221;.<\/p>\n","protected":false},"excerpt":{"rendered":"<p>Savona. Rastelli, mister del Feralpi, \u00e8 il primo ad arrivare in sala stampa per commentare la vittoria esterna della sua squadra contro il Savona: &#8220;Una vittoria meritata qui contro una squadra forte e fisicamente forte. Sappiamo che in questo campionato le sorprese non finiscono mai. Abbiamo ancora la speranza per un eventuale primo posto e [&hellip;]<\/p>\n","protected":false},"author":13744,"featured_media":0,"comment_status":"open","ping_status":"closed","sticky":false,"template":"","format":"standard","meta":{"footnotes":""},"categories":[32],"tags":[85850,86042],"class_list":["post-156062","post","type-post","status-publish","format-standard","hentry","category-sport","tag-savona","tag-savona-calcio","post_cat_citta-andora","post_cat_citta-savona"],"amp_validity":null,"amp_enabled":true,"_links":{"self":[{"href":"https:\/\/staging.ivg.it\/ediapi\/wp\/v2\/posts\/156062","targetHints":{"allow":["GET"]}}],"collection":[{"href":"https:\/\/staging.ivg.it\/ediapi\/wp\/v2\/posts"}],"about":[{"href":"https:\/\/staging.ivg.it\/ediapi\/wp\/v2\/types\/post"}],"author":[{"embeddable":true,"href":"https:\/\/staging.ivg.it\/ediapi\/wp\/v2\/users\/13744"}],"replies":[{"embeddable":true,"href":"https:\/\/staging.ivg.it\/ediapi\/wp\/v2\/comments?post=156062"}],"version-history":[{"count":0,"href":"https:\/\/staging.ivg.it\/ediapi\/wp\/v2\/posts\/156062\/revisions"}],"wp:attachment":[{"href":"https:\/\/staging.ivg.it\/ediapi\/wp\/v2\/media?parent=156062"}],"wp:term":[{"taxonomy":"category","embeddable":true,"href":"https:\/\/staging.ivg.it\/ediapi\/wp\/v2\/categories?post=156062"},{"taxonomy":"post_tag","embeddable":true,"href":"https:\/\/staging.ivg.it\/ediapi\/wp\/v2\/tags?post=156062"}],"curies":[{"name":"wp","href":"https:\/\/api.w.org\/{rel}","templated":true}]}}