{"id":156052,"date":"2011-04-23T17:35:12","date_gmt":"2011-04-23T15:35:12","guid":{"rendered":"http:\/\/www.ivg.it\/?p=156052"},"modified":"2011-04-26T08:28:11","modified_gmt":"2011-04-26T06:28:11","slug":"savona-torna-in-carcere-il-detenuto-evasore-arrestato-dai-carabinieri","status":"publish","type":"post","link":"https:\/\/staging.ivg.it\/2011\/04\/savona-torna-in-carcere-il-detenuto-evasore-arrestato-dai-carabinieri\/","title":{"rendered":"Savona, torna in carcere il detenuto-evasore arrestato dai carabinieri"},"content":{"rendered":"<p><strong>Savona.<\/strong> E&#8217; stato convalidato, per il reato di evasione impropria, l&#8217;arresto di Giancarlo D.B., il 49enne bloccato dai carabinieri della Compagnia di Savona dopo essere evaso dal carcere di Sanremo a seguito di un permesso-premio. L&#8217;uomo \u00e8 tornato cos\u00ec in carcere, in attesa dell&#8217;udienza del processo per direttissima rinviata dal giudice a venerd\u00ec prossimo.<\/p>\n<p>Il 49enne \u00e8 stato intercettato nell\u2019ufficio postale di corso Tardy e Benech, quando \u00e8 stata segnalata al carabiniere di quartiere la presenza di una persona con fare sospetto. Una volta sul posto i militari, dopo averlo riconosciuto, lo hanno arrestato.<\/p>\n","protected":false},"excerpt":{"rendered":"<p>Savona. E&#8217; stato convalidato, per il reato di evasione impropria, l&#8217;arresto di Giancarlo D.B., il 49enne bloccato dai carabinieri della Compagnia di Savona dopo essere evaso dal carcere di Sanremo a seguito di un permesso-premio. L&#8217;uomo \u00e8 tornato cos\u00ec in carcere, in attesa dell&#8217;udienza del processo per direttissima rinviata dal giudice a venerd\u00ec prossimo. Il [&hellip;]<\/p>\n","protected":false},"author":13744,"featured_media":0,"comment_status":"open","ping_status":"closed","sticky":false,"template":"","format":"standard","meta":{"footnotes":""},"categories":[34],"tags":[666,228,85850],"class_list":["post-156052","post","type-post","status-publish","format-standard","hentry","category-cronaca","tag-arresto","tag-carabinieri","tag-savona","post_cat_citta-andora","post_cat_citta-savona"],"amp_validity":null,"amp_enabled":true,"_links":{"self":[{"href":"https:\/\/staging.ivg.it\/ediapi\/wp\/v2\/posts\/156052","targetHints":{"allow":["GET"]}}],"collection":[{"href":"https:\/\/staging.ivg.it\/ediapi\/wp\/v2\/posts"}],"about":[{"href":"https:\/\/staging.ivg.it\/ediapi\/wp\/v2\/types\/post"}],"author":[{"embeddable":true,"href":"https:\/\/staging.ivg.it\/ediapi\/wp\/v2\/users\/13744"}],"replies":[{"embeddable":true,"href":"https:\/\/staging.ivg.it\/ediapi\/wp\/v2\/comments?post=156052"}],"version-history":[{"count":0,"href":"https:\/\/staging.ivg.it\/ediapi\/wp\/v2\/posts\/156052\/revisions"}],"wp:attachment":[{"href":"https:\/\/staging.ivg.it\/ediapi\/wp\/v2\/media?parent=156052"}],"wp:term":[{"taxonomy":"category","embeddable":true,"href":"https:\/\/staging.ivg.it\/ediapi\/wp\/v2\/categories?post=156052"},{"taxonomy":"post_tag","embeddable":true,"href":"https:\/\/staging.ivg.it\/ediapi\/wp\/v2\/tags?post=156052"}],"curies":[{"name":"wp","href":"https:\/\/api.w.org\/{rel}","templated":true}]}}