{"id":155810,"date":"2011-04-22T18:26:14","date_gmt":"2011-04-22T16:26:14","guid":{"rendered":"http:\/\/www.ivg.it\/?p=155810"},"modified":"2011-04-23T11:42:23","modified_gmt":"2011-04-23T09:42:23","slug":"antifascismo-berruti-inquietante-la-volonta-di-cambiare-la-costituzione","status":"publish","type":"post","link":"https:\/\/staging.ivg.it\/2011\/04\/antifascismo-berruti-inquietante-la-volonta-di-cambiare-la-costituzione\/","title":{"rendered":"Antifascismo, Berruti: \u201cInquietante la volont\u00e0 di cambiare la Costituzione\u201d"},"content":{"rendered":"<p><strong>Savona.<\/strong> &#8220;Un comitato nato solo per la passione democratica antifascista&#8221;. E&#8217; tornato sulla polemica relativa alle celebrazioni del 25 aprile il sindaco di Savona Federico Berruti, a margine della presentazione del suo libro.<\/p>\n<p>&#8220;Il Comitato per il 25 aprile non \u00e8 contro qualcuno ma contro chi non esprime una convinta coscienza antifascista. In questo Paese qualche segnale inquietante c&#8217;\u00e8, a cominiare dalle volont\u00e0 di cambiamento della norma che vieta la ricostituzione del partito fascista, spero sia solo una pessima invenzione di pochi parlamentari all&#8217;interno del centro destra. Il tema della coscienza democratica e antifasciata \u00e8 fortunatamente ben radicato nei savonesi e la citt\u00e0 di Savona sar\u00e0 sempre pronta a manifestarla in tutte le sue forme&#8221; ha concluso Berruti.<\/p>\n","protected":false},"excerpt":{"rendered":"<p>Savona. &#8220;Un comitato nato solo per la passione democratica antifascista&#8221;. E&#8217; tornato sulla polemica relativa alle celebrazioni del 25 aprile il sindaco di Savona Federico Berruti, a margine della presentazione del suo libro. &#8220;Il Comitato per il 25 aprile non \u00e8 contro qualcuno ma contro chi non esprime una convinta coscienza antifascista. In questo Paese [&hellip;]<\/p>\n","protected":false},"author":4,"featured_media":0,"comment_status":"open","ping_status":"closed","sticky":false,"template":"","format":"standard","meta":{"footnotes":""},"categories":[31],"tags":[8980,6545,1062,85850],"class_list":["post-155810","post","type-post","status-publish","format-standard","hentry","category-politica","tag-25-aprile","tag-costituzione","tag-federico-berruti","tag-savona","post_cat_citta-andora"],"amp_validity":null,"amp_enabled":true,"_links":{"self":[{"href":"https:\/\/staging.ivg.it\/ediapi\/wp\/v2\/posts\/155810","targetHints":{"allow":["GET"]}}],"collection":[{"href":"https:\/\/staging.ivg.it\/ediapi\/wp\/v2\/posts"}],"about":[{"href":"https:\/\/staging.ivg.it\/ediapi\/wp\/v2\/types\/post"}],"author":[{"embeddable":true,"href":"https:\/\/staging.ivg.it\/ediapi\/wp\/v2\/users\/4"}],"replies":[{"embeddable":true,"href":"https:\/\/staging.ivg.it\/ediapi\/wp\/v2\/comments?post=155810"}],"version-history":[{"count":0,"href":"https:\/\/staging.ivg.it\/ediapi\/wp\/v2\/posts\/155810\/revisions"}],"wp:attachment":[{"href":"https:\/\/staging.ivg.it\/ediapi\/wp\/v2\/media?parent=155810"}],"wp:term":[{"taxonomy":"category","embeddable":true,"href":"https:\/\/staging.ivg.it\/ediapi\/wp\/v2\/categories?post=155810"},{"taxonomy":"post_tag","embeddable":true,"href":"https:\/\/staging.ivg.it\/ediapi\/wp\/v2\/tags?post=155810"}],"curies":[{"name":"wp","href":"https:\/\/api.w.org\/{rel}","templated":true}]}}