{"id":153268,"date":"2011-04-12T16:52:57","date_gmt":"2011-04-12T14:52:57","guid":{"rendered":"http:\/\/www.ivg.it\/?p=153268"},"modified":"2011-04-12T16:52:57","modified_gmt":"2011-04-12T14:52:57","slug":"savona-aggressione-al-medico-del-118-il-fascicolo-sul-tavolo-del-pm-pelosi","status":"publish","type":"post","link":"https:\/\/staging.ivg.it\/2011\/04\/savona-aggressione-al-medico-del-118-il-fascicolo-sul-tavolo-del-pm-pelosi\/","title":{"rendered":"Savona, aggressione al medico del 118: il fascicolo sul tavolo del pm Pelosi"},"content":{"rendered":"<p><strong>Savona.<\/strong> Il Procuratore della Repubblica di Savona ha affidato al sostituto Ubaldo Pelosi il fascicolo sul caso dell&#8217;aggressione al medico del 118 in via Milano. In particolare, dopo che ieri \u00e8 stata data la notizia che l&#8217;aggressore \u00e8 stato identificato dai carabinieri del Comando provinciale di Savona, il pm dovr\u00e0 valutare se sussistono o meno i presupposti per procedere d&#8217;ufficio. Dal sesto piano di Palazzo di Giustizia non arriva comunque nessun commento sull&#8217;episodio che per\u00f2 \u00e8 stato definito molto &#8220;grave&#8221;.<\/p>\n<p>Il fatto \u00e8 avvenuto lo scorso 29 marzo: un\u2019ambulanza \u00e8 ferma in strada in attesa di una persona infortunata soccorsa all\u2019interno di uno dei palazzi e si forma una coda di auto. All\u2019improvviso un uomo si avvicina al medico di Savona Soccorso e gli sferra un pugno sul volto, in seguito mentre l&#8217;operatore si allontana per chiamare i carabinieri al cellulare, l\u2019aggressore cerca di impedirgli la telefonata. Alla fine si dilegua e riesce a fuggire.<\/p>\n<p>I militari, dopo aver avviato le prime indagini per risalire al responsabile, sarebbero cos\u00ec riusciti a chiudere il cerchio anche grazie al filmato che circola su Youtube che ha ripreso la scena, agevolandone l&#8217;identificazione.<\/p>\n","protected":false},"excerpt":{"rendered":"<p>Savona. Il Procuratore della Repubblica di Savona ha affidato al sostituto Ubaldo Pelosi il fascicolo sul caso dell&#8217;aggressione al medico del 118 in via Milano. In particolare, dopo che ieri \u00e8 stata data la notizia che l&#8217;aggressore \u00e8 stato identificato dai carabinieri del Comando provinciale di Savona, il pm dovr\u00e0 valutare se sussistono o meno [&hellip;]<\/p>\n","protected":false},"author":2394,"featured_media":0,"comment_status":"open","ping_status":"closed","sticky":false,"template":"","format":"standard","meta":{"footnotes":""},"categories":[34],"tags":[1317,85850],"class_list":["post-153268","post","type-post","status-publish","format-standard","hentry","category-cronaca","tag-inchiesta","tag-savona","post_cat_citta-savona"],"amp_validity":null,"amp_enabled":true,"_links":{"self":[{"href":"https:\/\/staging.ivg.it\/ediapi\/wp\/v2\/posts\/153268","targetHints":{"allow":["GET"]}}],"collection":[{"href":"https:\/\/staging.ivg.it\/ediapi\/wp\/v2\/posts"}],"about":[{"href":"https:\/\/staging.ivg.it\/ediapi\/wp\/v2\/types\/post"}],"author":[{"embeddable":true,"href":"https:\/\/staging.ivg.it\/ediapi\/wp\/v2\/users\/2394"}],"replies":[{"embeddable":true,"href":"https:\/\/staging.ivg.it\/ediapi\/wp\/v2\/comments?post=153268"}],"version-history":[{"count":0,"href":"https:\/\/staging.ivg.it\/ediapi\/wp\/v2\/posts\/153268\/revisions"}],"wp:attachment":[{"href":"https:\/\/staging.ivg.it\/ediapi\/wp\/v2\/media?parent=153268"}],"wp:term":[{"taxonomy":"category","embeddable":true,"href":"https:\/\/staging.ivg.it\/ediapi\/wp\/v2\/categories?post=153268"},{"taxonomy":"post_tag","embeddable":true,"href":"https:\/\/staging.ivg.it\/ediapi\/wp\/v2\/tags?post=153268"}],"curies":[{"name":"wp","href":"https:\/\/api.w.org\/{rel}","templated":true}]}}