{"id":153264,"date":"2011-04-12T16:45:07","date_gmt":"2011-04-12T14:45:07","guid":{"rendered":"http:\/\/www.ivg.it\/?p=153264"},"modified":"2011-04-12T16:45:07","modified_gmt":"2011-04-12T14:45:07","slug":"frana-andora-cervo-accordo-tra-anas-e-proprietari-terrieri-per-avviare-i-lavori","status":"publish","type":"post","link":"https:\/\/staging.ivg.it\/2011\/04\/frana-andora-cervo-accordo-tra-anas-e-proprietari-terrieri-per-avviare-i-lavori\/","title":{"rendered":"Frana Andora-Cervo: accordo tra Anas e proprietari terrieri per avviare i lavori"},"content":{"rendered":"<p><strong>Andora\/Cervo.\u00a0<\/strong>Un accordo tra l&#8217;Anas e i privati proprietari terrieri, che permetter\u00e0 di avviare i lavori per la messa in sicurezza della zona e la riapertura completa in entrambi i sensi di marcia della via Aurelia tra Andora e Cervo, chiusa al traffico alla fine di marzo a causa di una frana verificatasi all&#8217;altezza di capo Mimosa e riaperta il primo aprile scorso a senso unico alternato.<\/p>\n<p>E&#8217; quanto emerso oggi nella sede della Regione Liguria al termine di una riunione a cui hanno partecipato l&#8217;Anas, i proprietari del terreno, l&#8217;assessore regionale alle infrastrutture Raffaella Paita e i sindaci di Andora e Cervo. La speranza dell&#8217;assessore Paita \u00e8 che l&#8217;intervento possa essere effettuato in tempi brevi anche perch\u00e9 le vacanze pasquali sono alle porte e in Riviera \u00e8 previsto l&#8217;arrivo di molti turisti.<\/p>\n<p>&#8220;Abbiamo incontrato Anas, propriet\u00e0, Comuni interessati e tecnici &#8211; ha sottolineato Paita &#8211; per valutare l&#8217; entit\u00e0 dell&#8217;intervento perch\u00e9 l&#8217;Anas ha agito con particolare tempestivit\u00e0 nella riapertura del senso alternato ma ora c&#8217;\u00e9 bisogno di fare un intervento pi\u00f9 complessivo. Da questo punto di vista &#8211; ha aggiunto &#8211; Anas e propriet\u00e0 stanno cercando un&#8217; intesa che mi pare possa essere praticabile almeno dalle parole espresse dai due soggetti contendenti nel corso della riunione. Il nostro obiettivo &#8211; ha sottolineato l&#8217;assessore regionale alle infrastrutture &#8211; era quello di evitare che una lite o un allungamento dei tempi per trovare un accordo tra di loro non permettesse di aprire la strada nei due sensi di marcia nel pi\u00f9 breve tempo possibile, anche perch\u00e9 quella \u00e8 una zona particolarmente trafficata e andiamo incontro al periodo pasquale nel quale ci sar\u00e0 pi\u00f9 turismo e quindi pi\u00f9 traffico. L&#8217;auspicio \u00e8 quello di fare il prima possibile ma anche il meglio possibile, agendo nella massima sicurezza&#8221;.<\/p>\n","protected":false},"excerpt":{"rendered":"<p>Andora\/Cervo.\u00a0Un accordo tra l&#8217;Anas e i privati proprietari terrieri, che permetter\u00e0 di avviare i lavori per la messa in sicurezza della zona e la riapertura completa in entrambi i sensi di marcia della via Aurelia tra Andora e Cervo, chiusa al traffico alla fine di marzo a causa di una frana verificatasi all&#8217;altezza di capo [&hellip;]<\/p>\n","protected":false},"author":13744,"featured_media":0,"comment_status":"open","ping_status":"closed","sticky":false,"template":"","format":"standard","meta":{"footnotes":""},"categories":[],"tags":[85847,7161,2838,22411,223,108],"class_list":["post-153264","post","type-post","status-publish","format-standard","hentry","tag-andora","tag-cervo","tag-frana","tag-raffaella-paita","tag-regione-liguria","tag-viabilita","post_cat_citta-andora"],"amp_validity":null,"amp_enabled":true,"_links":{"self":[{"href":"https:\/\/staging.ivg.it\/ediapi\/wp\/v2\/posts\/153264","targetHints":{"allow":["GET"]}}],"collection":[{"href":"https:\/\/staging.ivg.it\/ediapi\/wp\/v2\/posts"}],"about":[{"href":"https:\/\/staging.ivg.it\/ediapi\/wp\/v2\/types\/post"}],"author":[{"embeddable":true,"href":"https:\/\/staging.ivg.it\/ediapi\/wp\/v2\/users\/13744"}],"replies":[{"embeddable":true,"href":"https:\/\/staging.ivg.it\/ediapi\/wp\/v2\/comments?post=153264"}],"version-history":[{"count":0,"href":"https:\/\/staging.ivg.it\/ediapi\/wp\/v2\/posts\/153264\/revisions"}],"wp:attachment":[{"href":"https:\/\/staging.ivg.it\/ediapi\/wp\/v2\/media?parent=153264"}],"wp:term":[{"taxonomy":"category","embeddable":true,"href":"https:\/\/staging.ivg.it\/ediapi\/wp\/v2\/categories?post=153264"},{"taxonomy":"post_tag","embeddable":true,"href":"https:\/\/staging.ivg.it\/ediapi\/wp\/v2\/tags?post=153264"}],"curies":[{"name":"wp","href":"https:\/\/api.w.org\/{rel}","templated":true}]}}