{"id":153262,"date":"2011-04-12T16:38:37","date_gmt":"2011-04-12T14:38:37","guid":{"rendered":"http:\/\/www.ivg.it\/?p=153262"},"modified":"2011-04-12T17:04:23","modified_gmt":"2011-04-12T15:04:23","slug":"cairo-37enne-trovato-morto-in-casa-oggi-lautopsia","status":"publish","type":"post","link":"https:\/\/staging.ivg.it\/2011\/04\/cairo-37enne-trovato-morto-in-casa-oggi-lautopsia\/","title":{"rendered":"Cairo, 37enne trovato morto in casa: oggi l&#8217;autopsia"},"content":{"rendered":"<p><strong>Savona<\/strong>. E&#8217; stata disposta, e sar\u00e0 eseguita questo pomeriggio, l&#8217;autopsia sul corpo di Davide Sugliano, il trentasettenne di Cairo, residente in via Bertolotti, ritrovato cadavere domenica all\u2019interno del suo appartamento, dove viveva solo. L&#8217;esame autoptico, disposto dalla Procura di Savona, per fare luce sulle cause della morte, verr\u00e0 eseguito dalla dottoressa Benedicta Astengo. <\/p>\n<p>Sugliano, che per un certo periodo era anche stato ricoverato per problemi psichici, e che attualmente era seguito dal Centro di igiene mentale di Carcare, sabato aveva trascorso quasi tutta la giornata con la madre, per poi rientrare a casa sua in serata. Proprio la donna, non riuscendo pi\u00f9 a mettersi in contatto con il figlio, aveva dato l&#8217;allarme, ma per il 37enne non c&#8217;era gi\u00e0 pi\u00f9 nulla da fare. L&#8217;autopsia dovrebbe chiarire cos\u00ec le cause della morte. Una delle ipotesi al vaglio degli inquirenti \u00e8 che Sugliano sia stato ucciso da un abuso di farmaci, forse assunti in modo accidentale. Per questo verranno eseguiti anche degli accertamenti tossicologici.<\/p>\n","protected":false},"excerpt":{"rendered":"<p>Savona. E&#8217; stata disposta, e sar\u00e0 eseguita questo pomeriggio, l&#8217;autopsia sul corpo di Davide Sugliano, il trentasettenne di Cairo, residente in via Bertolotti, ritrovato cadavere domenica all\u2019interno del suo appartamento, dove viveva solo. L&#8217;esame autoptico, disposto dalla Procura di Savona, per fare luce sulle cause della morte, verr\u00e0 eseguito dalla dottoressa Benedicta Astengo. Sugliano, che [&hellip;]<\/p>\n","protected":false},"author":2394,"featured_media":0,"comment_status":"open","ping_status":"closed","sticky":false,"template":"","format":"standard","meta":{"footnotes":""},"categories":[56,34],"tags":[6446,1317,1681],"class_list":["post-153262","post","type-post","status-publish","format-standard","hentry","category-altre","category-cronaca","tag-autopsia","tag-inchiesta","tag-morte","post_cat_citta-cairo-montenotte","post_cat_citta-savona"],"amp_validity":null,"amp_enabled":true,"_links":{"self":[{"href":"https:\/\/staging.ivg.it\/ediapi\/wp\/v2\/posts\/153262","targetHints":{"allow":["GET"]}}],"collection":[{"href":"https:\/\/staging.ivg.it\/ediapi\/wp\/v2\/posts"}],"about":[{"href":"https:\/\/staging.ivg.it\/ediapi\/wp\/v2\/types\/post"}],"author":[{"embeddable":true,"href":"https:\/\/staging.ivg.it\/ediapi\/wp\/v2\/users\/2394"}],"replies":[{"embeddable":true,"href":"https:\/\/staging.ivg.it\/ediapi\/wp\/v2\/comments?post=153262"}],"version-history":[{"count":0,"href":"https:\/\/staging.ivg.it\/ediapi\/wp\/v2\/posts\/153262\/revisions"}],"wp:attachment":[{"href":"https:\/\/staging.ivg.it\/ediapi\/wp\/v2\/media?parent=153262"}],"wp:term":[{"taxonomy":"category","embeddable":true,"href":"https:\/\/staging.ivg.it\/ediapi\/wp\/v2\/categories?post=153262"},{"taxonomy":"post_tag","embeddable":true,"href":"https:\/\/staging.ivg.it\/ediapi\/wp\/v2\/tags?post=153262"}],"curies":[{"name":"wp","href":"https:\/\/api.w.org\/{rel}","templated":true}]}}