{"id":153162,"date":"2011-04-12T13:34:04","date_gmt":"2011-04-12T11:34:04","guid":{"rendered":"http:\/\/www.ivg.it\/?p=153162"},"modified":"2011-04-12T16:22:16","modified_gmt":"2011-04-12T14:22:16","slug":"tirreno-power-burlando-risposta-dellazienda-e-un-fatto-importante","status":"publish","type":"post","link":"https:\/\/staging.ivg.it\/2011\/04\/tirreno-power-burlando-risposta-dellazienda-e-un-fatto-importante\/","title":{"rendered":"Tirreno Power, Burlando: \u201cRisposta dell\u2019azienda \u00e8 un fatto importante\u201d"},"content":{"rendered":"<p><strong>Vado Ligure<\/strong>. Il governatore regionale Burlando non si sbilancia: &#8220;E&#8217; un fatto importante che Tirreno Power risponda positivamente alla delibera regionale. Siamo disponibili a vederci ancora, come ci siamo confrontati apertamente sinora. La delibera di giunta corposa che abbiamo assunto \u00e8 bene conosciuta dall&#8217;azienda e presto andremo a vedere qual \u00e8 nel dettaglio la posizione dei dirigenti di Tirreno Power&#8221;.<\/p>\n<p>La Regione \u00e8 chiamata a valutare la soluzione realizzativa illustrata oggi dal dg Giovanni Gosio, che prevede un investimento di 1200 milioni, accettando le richieste ambientali dell&#8217;ente regionale, ma con costruzione di un nuovo gruppo da 460 Megawatt e ricostruzione dei due gruppi a carbone gi\u00e0 esistenti. &#8220;Garantiremo l&#8217;assoluto abbattimento delle emissioni come ci \u00e8 stato richiesto, ma con una sequenza progettuale che garantisca la sostenibilit\u00e0 finanziaria&#8221; ha detto Gosio.<\/p>\n<p>Secondo la tabella di marcia della Regione (la giunta ha chiesto che i due vecchi gruppi da 330 Mw che sono stati realizzati nel 1971 e che ormai hanno raggiunto la fine della loro vita produttiva vengano sostituiti da un gruppo completamente nuovo), l&#8217;azienda perderebbe notevolmente la capacit\u00e0 produttiva per almeno sei anni. Di qui la controproposta di demolire le due unit\u00e0 esistenti e ricostruirle sulle stesse fondamenta, sempre come unit\u00e0 gemelle da 330 Mw.<\/p>\n","protected":false},"excerpt":{"rendered":"<p>Vado Ligure. Il governatore regionale Burlando non si sbilancia: &#8220;E&#8217; un fatto importante che Tirreno Power risponda positivamente alla delibera regionale. Siamo disponibili a vederci ancora, come ci siamo confrontati apertamente sinora. La delibera di giunta corposa che abbiamo assunto \u00e8 bene conosciuta dall&#8217;azienda e presto andremo a vedere qual \u00e8 nel dettaglio la posizione [&hellip;]<\/p>\n","protected":false},"author":13744,"featured_media":0,"comment_status":"open","ping_status":"closed","sticky":false,"template":"","format":"standard","meta":{"footnotes":""},"categories":[35,31],"tags":[284,295,3931,85979],"class_list":["post-153162","post","type-post","status-publish","format-standard","hentry","category-economia","category-politica","tag-claudio-burlando","tag-regione","tag-tirreno-power","tag-vado-ligure","post_cat_citta-vado-ligure"],"amp_validity":null,"amp_enabled":true,"_links":{"self":[{"href":"https:\/\/staging.ivg.it\/ediapi\/wp\/v2\/posts\/153162","targetHints":{"allow":["GET"]}}],"collection":[{"href":"https:\/\/staging.ivg.it\/ediapi\/wp\/v2\/posts"}],"about":[{"href":"https:\/\/staging.ivg.it\/ediapi\/wp\/v2\/types\/post"}],"author":[{"embeddable":true,"href":"https:\/\/staging.ivg.it\/ediapi\/wp\/v2\/users\/13744"}],"replies":[{"embeddable":true,"href":"https:\/\/staging.ivg.it\/ediapi\/wp\/v2\/comments?post=153162"}],"version-history":[{"count":0,"href":"https:\/\/staging.ivg.it\/ediapi\/wp\/v2\/posts\/153162\/revisions"}],"wp:attachment":[{"href":"https:\/\/staging.ivg.it\/ediapi\/wp\/v2\/media?parent=153162"}],"wp:term":[{"taxonomy":"category","embeddable":true,"href":"https:\/\/staging.ivg.it\/ediapi\/wp\/v2\/categories?post=153162"},{"taxonomy":"post_tag","embeddable":true,"href":"https:\/\/staging.ivg.it\/ediapi\/wp\/v2\/tags?post=153162"}],"curies":[{"name":"wp","href":"https:\/\/api.w.org\/{rel}","templated":true}]}}