{"id":153156,"date":"2011-04-12T13:18:35","date_gmt":"2011-04-12T11:18:35","guid":{"rendered":"http:\/\/www.ivg.it\/?p=153156"},"modified":"2011-04-12T16:10:06","modified_gmt":"2011-04-12T14:10:06","slug":"tirreno-power-atzori-maxi-investimento-pasquale-campus-universitario-puo-diventare-centro-internazionale","status":"publish","type":"post","link":"https:\/\/staging.ivg.it\/2011\/04\/tirreno-power-atzori-maxi-investimento-pasquale-campus-universitario-puo-diventare-centro-internazionale\/","title":{"rendered":"Tirreno Power, Atzori: \u201cMaxi investimento\u201d. Pasquale: \u201cCampus pu\u00f2 diventare centro internazionale\u201d"},"content":{"rendered":"<p><strong>Vado Ligure<\/strong>. E&#8217; stata accolta con soddisfazione dall&#8217;Unione Industriali di Savona e dalla Camera di Commercio la posizione espressa oggi da Tirreno Power, che ha accettato la proposta regionale sull&#8217;ampliameto e la riduzione degli inquinanti, rilanciando sulle modalit\u00e0 costruttive: nuovo gruppo a carbone da 460 Megawatt, demolizione e ricostruzione dei due vecchi moduli da 330 Mw. Cos\u00ec Fabio Atzori, presidente dell&#8217;Uisv: &#8220;L&#8217;azienda ha formulato una soluzione andando incontro alle richieste di Regione e Comuni. Si tratta di una grande speranza per le nostre aziende e ci auguriamo lo sperato forte impatto sull&#8217;economia locale. Siamo pronti a cogliere questa opportunit\u00e0, anche i prospettiva futura&#8221;. <\/p>\n<p>Tirreno Power \u00e8 pronta ad accettare la riduzione delle emissioni chiesta dalla giunta Burlando, investendo 1 miliardo e 200 mila euro per il carbone e 200 mila per le rinnovabili. &#8220;Questo \u00e8 un maxi investimento molto importante e diventer\u00e0 una referenza per tutte le aziende anche del territorio, che spinger\u00e0 a diventare competitivi su altri mercati&#8221; afferma Atzori. <\/p>\n<p>Per Luciano Pasquale, presidente dell&#8217;ente camerale savonese, la soluzione resa nota dal dg di TP, Giovanni Gosio, &#8220;\u00e8 importante perch\u00e9 d\u00e0, le stesse risposte della Regione. Ora l&#8217;interesse \u00e8 quello di formalizzare l&#8217;accordo, a vantaggio dell&#8217;economia e dell&#8217;ambiente in termini di abbattimento delle emissioni. Occorre lavorare per chiudere questa partita, irrinunciabile per il Savonese e la Liguria&#8221;. <\/p>\n<p>&#8220;Non ci sono pi\u00f9 ragioni ostative alla realizzazione del progetto &#8211; aggiunge Pasquale &#8211; E&#8217; un investimento realizzato con soldi privati che va nell&#8217;interesse del nostro territorio. E&#8217; anche un processo tecnologico complessivo che porta all&#8217;ammodernamento delle imprese. A Savona e nel suo Campus universitario possiamo diventare un centro di ricerca specializzato a livello internazionale&#8221;. <\/p>\n","protected":false},"excerpt":{"rendered":"<p>Vado Ligure. E&#8217; stata accolta con soddisfazione dall&#8217;Unione Industriali di Savona e dalla Camera di Commercio la posizione espressa oggi da Tirreno Power, che ha accettato la proposta regionale sull&#8217;ampliameto e la riduzione degli inquinanti, rilanciando sulle modalit\u00e0 costruttive: nuovo gruppo a carbone da 460 Megawatt, demolizione e ricostruzione dei due vecchi moduli da 330 [&hellip;]<\/p>\n","protected":false},"author":13744,"featured_media":0,"comment_status":"open","ping_status":"closed","sticky":false,"template":"","format":"standard","meta":{"footnotes":""},"categories":[35],"tags":[174,7170,1817,2156,3931,86052,85979],"class_list":["post-153156","post","type-post","status-publish","format-standard","hentry","category-economia","tag-camera-commercio","tag-fabio-atzori","tag-industria","tag-luciano-pasquale","tag-tirreno-power","tag-unione-industriali","tag-vado-ligure","post_cat_citta-savona"],"amp_validity":null,"amp_enabled":true,"_links":{"self":[{"href":"https:\/\/staging.ivg.it\/ediapi\/wp\/v2\/posts\/153156","targetHints":{"allow":["GET"]}}],"collection":[{"href":"https:\/\/staging.ivg.it\/ediapi\/wp\/v2\/posts"}],"about":[{"href":"https:\/\/staging.ivg.it\/ediapi\/wp\/v2\/types\/post"}],"author":[{"embeddable":true,"href":"https:\/\/staging.ivg.it\/ediapi\/wp\/v2\/users\/13744"}],"replies":[{"embeddable":true,"href":"https:\/\/staging.ivg.it\/ediapi\/wp\/v2\/comments?post=153156"}],"version-history":[{"count":0,"href":"https:\/\/staging.ivg.it\/ediapi\/wp\/v2\/posts\/153156\/revisions"}],"wp:attachment":[{"href":"https:\/\/staging.ivg.it\/ediapi\/wp\/v2\/media?parent=153156"}],"wp:term":[{"taxonomy":"category","embeddable":true,"href":"https:\/\/staging.ivg.it\/ediapi\/wp\/v2\/categories?post=153156"},{"taxonomy":"post_tag","embeddable":true,"href":"https:\/\/staging.ivg.it\/ediapi\/wp\/v2\/tags?post=153156"}],"curies":[{"name":"wp","href":"https:\/\/api.w.org\/{rel}","templated":true}]}}