{"id":152942,"date":"2011-04-11T15:34:53","date_gmt":"2011-04-11T13:34:53","guid":{"rendered":"http:\/\/www.ivg.it\/?p=152942"},"modified":"2011-04-11T15:34:53","modified_gmt":"2011-04-11T13:34:53","slug":"flc-cgil-savona-un-incontro-su-servizio-pubblico-e-diritti-dei-lavoratori","status":"publish","type":"post","link":"https:\/\/staging.ivg.it\/2011\/04\/flc-cgil-savona-un-incontro-su-servizio-pubblico-e-diritti-dei-lavoratori\/","title":{"rendered":"Flc Cgil Savona: un incontro su servizio pubblico e diritti dei lavoratori"},"content":{"rendered":"<p><strong>Savona.<\/strong> Mercoled\u00ec 13 aprile all 15 presso la Sala Rossa del Comune di Savona appuntamento con l&#8217;incontro pubblico promosso dalla Flc Cgil Savona dal titolo &#8220;Servizio pubblico uguale diritti universali&#8221;.<\/p>\n<p>&#8220;L\u2019attacco ai diritti dei lavoratori, si estende, con specifiche differenze ma con una comune logica, dal settore privato a quello pubblico. I tagli agli organici del personale (di cui la scuola \u00e8, forse, l\u2019esempio pi\u00f9 drammatico) generano una vera e propria emergenza sociale ed occupazionale ed un peggioramento delle condizioni lavorative, ma determinano anche uno scadimento della qualit\u00e0 dei servizi resi ai cittadini: cos\u00ec nel settore della scuola e dell\u2019istruzione, cos\u00ec in quelli della sanit\u00e0, degli enti locali, dei trasporti, della giustizia. Il problema non \u00e8 quindi di settore o di categoria, ma generale&#8221; scrive in una nota la Flc Cgil.<\/p>\n<p>Durante la giornata, interverranno Renato Comanducci, Centro Nazionale FLC-CGIL e Fabrizio Frattini, Segreteria FP-CGIL Nazionale. Conclude i lavori Francesco Rossello, Segretario Generale CGIL Savona.<\/p>\n","protected":false},"excerpt":{"rendered":"<p>Savona. Mercoled\u00ec 13 aprile all 15 presso la Sala Rossa del Comune di Savona appuntamento con l&#8217;incontro pubblico promosso dalla Flc Cgil Savona dal titolo &#8220;Servizio pubblico uguale diritti universali&#8221;. &#8220;L\u2019attacco ai diritti dei lavoratori, si estende, con specifiche differenze ma con una comune logica, dal settore privato a quello pubblico. I tagli agli organici [&hellip;]<\/p>\n","protected":false},"author":13744,"featured_media":0,"comment_status":"open","ping_status":"closed","sticky":false,"template":"","format":"standard","meta":{"footnotes":""},"categories":[],"tags":[4574,85850,2152,410],"class_list":["post-152942","post","type-post","status-publish","format-standard","hentry","tag-francesco-rossello","tag-savona","tag-sciopero","tag-sindacati","post_cat_citta-savona"],"amp_validity":null,"amp_enabled":true,"_links":{"self":[{"href":"https:\/\/staging.ivg.it\/ediapi\/wp\/v2\/posts\/152942","targetHints":{"allow":["GET"]}}],"collection":[{"href":"https:\/\/staging.ivg.it\/ediapi\/wp\/v2\/posts"}],"about":[{"href":"https:\/\/staging.ivg.it\/ediapi\/wp\/v2\/types\/post"}],"author":[{"embeddable":true,"href":"https:\/\/staging.ivg.it\/ediapi\/wp\/v2\/users\/13744"}],"replies":[{"embeddable":true,"href":"https:\/\/staging.ivg.it\/ediapi\/wp\/v2\/comments?post=152942"}],"version-history":[{"count":0,"href":"https:\/\/staging.ivg.it\/ediapi\/wp\/v2\/posts\/152942\/revisions"}],"wp:attachment":[{"href":"https:\/\/staging.ivg.it\/ediapi\/wp\/v2\/media?parent=152942"}],"wp:term":[{"taxonomy":"category","embeddable":true,"href":"https:\/\/staging.ivg.it\/ediapi\/wp\/v2\/categories?post=152942"},{"taxonomy":"post_tag","embeddable":true,"href":"https:\/\/staging.ivg.it\/ediapi\/wp\/v2\/tags?post=152942"}],"curies":[{"name":"wp","href":"https:\/\/api.w.org\/{rel}","templated":true}]}}