{"id":152902,"date":"2011-04-11T14:05:24","date_gmt":"2011-04-11T12:05:24","guid":{"rendered":"http:\/\/www.ivg.it\/?p=152902"},"modified":"2011-04-11T17:45:13","modified_gmt":"2011-04-11T15:45:13","slug":"savona-al-via-iscrizioni-ai-centri-comunali-estivi","status":"publish","type":"post","link":"https:\/\/staging.ivg.it\/2011\/04\/savona-al-via-iscrizioni-ai-centri-comunali-estivi\/","title":{"rendered":"Savona: al via iscrizioni ai centri comunali estivi"},"content":{"rendered":"<p><strong>Savona<\/strong>. Sono aperte le iscrizioni ai centri estivi per bambini di et\u00e0 compresa tra i 3 anni (compiuti entro il 30 Giugno 2011) e i 5 anni (da compiersi entro il 31 dicembre 2011) presso la scuola dell&#8217;infanzia De Amicis per bambini di et\u00e0 compresa fra i 6 e gli 8 anni (da compiersi entro il 31 dicembre 2011) presso la scuola primaria De Amicis per bambini di et\u00e0 compresa tra i 9 e i 13 anni (da compiersi entro il 31 dicembre 2011) presso la scuola primaria XXV Aprile.<\/p>\n<p>Questi i requisiti necessari per l&#8217;accesso: residenza del bambino nel Comune di Savona e attivit\u00e0 lavorativa dei genitori nel periodo estivo. Gli interessati potranno ritirare l&#8217;apposito modulo di domanda presso il Servizio Pubblica Istruzione del Comune &#8211; V. Don Minzoni 6\/2 (orario di apertura al pubblico: da luned\u00ec al venerd\u00ec ore 10.30 &#8211; 12.30 &#8211; marted\u00ec e gioved\u00ec ore 14.30 &#8211; 16.30) e riconsegnarlo allo stesso ufficio, debitamente compilato, dall&#8217; 11 aprile al 29 aprile 2011.<\/p>\n","protected":false},"excerpt":{"rendered":"<p>Savona. Sono aperte le iscrizioni ai centri estivi per bambini di et\u00e0 compresa tra i 3 anni (compiuti entro il 30 Giugno 2011) e i 5 anni (da compiersi entro il 31 dicembre 2011) presso la scuola dell&#8217;infanzia De Amicis per bambini di et\u00e0 compresa fra i 6 e gli 8 anni (da compiersi entro [&hellip;]<\/p>\n","protected":false},"author":13744,"featured_media":0,"comment_status":"open","ping_status":"closed","sticky":false,"template":"","format":"standard","meta":{"footnotes":""},"categories":[],"tags":[85850],"class_list":["post-152902","post","type-post","status-publish","format-standard","hentry","tag-savona","post_cat_citta-savona"],"amp_validity":null,"amp_enabled":true,"_links":{"self":[{"href":"https:\/\/staging.ivg.it\/ediapi\/wp\/v2\/posts\/152902","targetHints":{"allow":["GET"]}}],"collection":[{"href":"https:\/\/staging.ivg.it\/ediapi\/wp\/v2\/posts"}],"about":[{"href":"https:\/\/staging.ivg.it\/ediapi\/wp\/v2\/types\/post"}],"author":[{"embeddable":true,"href":"https:\/\/staging.ivg.it\/ediapi\/wp\/v2\/users\/13744"}],"replies":[{"embeddable":true,"href":"https:\/\/staging.ivg.it\/ediapi\/wp\/v2\/comments?post=152902"}],"version-history":[{"count":0,"href":"https:\/\/staging.ivg.it\/ediapi\/wp\/v2\/posts\/152902\/revisions"}],"wp:attachment":[{"href":"https:\/\/staging.ivg.it\/ediapi\/wp\/v2\/media?parent=152902"}],"wp:term":[{"taxonomy":"category","embeddable":true,"href":"https:\/\/staging.ivg.it\/ediapi\/wp\/v2\/categories?post=152902"},{"taxonomy":"post_tag","embeddable":true,"href":"https:\/\/staging.ivg.it\/ediapi\/wp\/v2\/tags?post=152902"}],"curies":[{"name":"wp","href":"https:\/\/api.w.org\/{rel}","templated":true}]}}