{"id":152892,"date":"2011-04-11T13:16:23","date_gmt":"2011-04-11T11:16:23","guid":{"rendered":"http:\/\/www.ivg.it\/?p=152892"},"modified":"2011-04-11T17:46:13","modified_gmt":"2011-04-11T15:46:13","slug":"elezioni-borgio-renato-dacquino-presenta-la-sua-lista","status":"publish","type":"post","link":"https:\/\/staging.ivg.it\/2011\/04\/elezioni-borgio-renato-dacquino-presenta-la-sua-lista\/","title":{"rendered":"Elezioni Borgio: Renato Dacquino presenta la sua lista"},"content":{"rendered":"<p><strong>Borgio Verezzi<\/strong>. La squadra a sostegno di Renato Dacquino \u00e8 pronta per le elezioni comunali di Borgio Verezzi. La compagine di &#8220;Borgio Verezzi Viva&#8221; sar\u00e0 composta dall&#8217;assessore uscente all&#8217;urbanistica Dino Raimondo, dall&#8217;avvocato Sonia Garofalo, da Marco Coriolano, dipendente bancario, da Brunella Marmetto, che gi\u00e0 conta esperienza amministrativa precedente, dal pediatra Mirco Telini, dall&#8217;operatore del settore turistico Claudio Dellepiane e dai due giovani Cristina Mosso, 24 anni, laureanda in legge, e Dylan Berro, 18, studente.<\/p>\n<p>Dacquino se la vedr\u00e0 con due liste: quella di Pier Luigi Ferro, attuale membro della giunta Vadora, con la lista civica &#8220;Per Borgio Verezzi&#8221; sostenuta dal Pdl e Lega, e quella di Renzo Locatelli, capogruppo di minoranza uscente, che si candida con &#8220;Io amo Borgio Verezzi&#8221;.<\/p>\n<p>Per Renato Dacquino la lista che lo sostiene &#8220;\u00e8 fatta di persone con esperienza e nuove, ciascuna con competenze specifiche da mettere al servizio del paese&#8221;. &#8220;I motivi che mi hanno spinto a candidarmi? Nascono dall\u2019ascolto delle persone. Borgio Verezzi per tutti \u00e8 un paese tranquillo, bello, ma tutti dicono che \u00e8 un paese poco vivo, anzi del tutto morto&#8221; dice il candidato sindaco, aggiungendo: &#8220;Il problema \u00e8 trasformare il paese da tranquillo e bello a vivo. Noi vogliamo lavorare per far diventare Borgio Verezzi unComune vivo per le persone, per i turisti, oltre che attrattivo\u201d. Sulla filosofia della lista civica il candidato spiega: &#8220;Il messaggio che vogliamo lanciare \u00e8 \u2018uniti insieme per Borgio Verezzi\u2019. L\u2019essenza della nostra proposta \u00e8 questa: insieme per il paese, un paese vivo e per tutti&#8221;.<\/p>\n","protected":false},"excerpt":{"rendered":"<p>Borgio Verezzi. La squadra a sostegno di Renato Dacquino \u00e8 pronta per le elezioni comunali di Borgio Verezzi. La compagine di &#8220;Borgio Verezzi Viva&#8221; sar\u00e0 composta dall&#8217;assessore uscente all&#8217;urbanistica Dino Raimondo, dall&#8217;avvocato Sonia Garofalo, da Marco Coriolano, dipendente bancario, da Brunella Marmetto, che gi\u00e0 conta esperienza amministrativa precedente, dal pediatra Mirco Telini, dall&#8217;operatore del settore [&hellip;]<\/p>\n","protected":false},"author":13744,"featured_media":0,"comment_status":"open","ping_status":"closed","sticky":false,"template":"","format":"standard","meta":{"footnotes":""},"categories":[31],"tags":[85884,8783,218,31348],"class_list":["post-152892","post","type-post","status-publish","format-standard","hentry","category-politica","tag-borgio-verezzi","tag-comunali","tag-elezioni","tag-renato-dacquino","post_cat_citta-borgio-verezzi"],"amp_validity":null,"amp_enabled":true,"_links":{"self":[{"href":"https:\/\/staging.ivg.it\/ediapi\/wp\/v2\/posts\/152892","targetHints":{"allow":["GET"]}}],"collection":[{"href":"https:\/\/staging.ivg.it\/ediapi\/wp\/v2\/posts"}],"about":[{"href":"https:\/\/staging.ivg.it\/ediapi\/wp\/v2\/types\/post"}],"author":[{"embeddable":true,"href":"https:\/\/staging.ivg.it\/ediapi\/wp\/v2\/users\/13744"}],"replies":[{"embeddable":true,"href":"https:\/\/staging.ivg.it\/ediapi\/wp\/v2\/comments?post=152892"}],"version-history":[{"count":0,"href":"https:\/\/staging.ivg.it\/ediapi\/wp\/v2\/posts\/152892\/revisions"}],"wp:attachment":[{"href":"https:\/\/staging.ivg.it\/ediapi\/wp\/v2\/media?parent=152892"}],"wp:term":[{"taxonomy":"category","embeddable":true,"href":"https:\/\/staging.ivg.it\/ediapi\/wp\/v2\/categories?post=152892"},{"taxonomy":"post_tag","embeddable":true,"href":"https:\/\/staging.ivg.it\/ediapi\/wp\/v2\/tags?post=152892"}],"curies":[{"name":"wp","href":"https:\/\/api.w.org\/{rel}","templated":true}]}}