{"id":152887,"date":"2011-04-11T12:58:07","date_gmt":"2011-04-11T10:58:07","guid":{"rendered":"http:\/\/www.ivg.it\/?p=152887"},"modified":"2011-04-11T12:58:07","modified_gmt":"2011-04-11T10:58:07","slug":"albenga-incidente-moto-camion-nella-frazione-di-san-fedele","status":"publish","type":"post","link":"https:\/\/staging.ivg.it\/2011\/04\/albenga-incidente-moto-camion-nella-frazione-di-san-fedele\/","title":{"rendered":"Albenga: incidente moto-camion nella frazione di San Fedele"},"content":{"rendered":"<p><strong>Albenga.<\/strong> Incidente lungo la strada che da Albenga conduce alla frazione di San Fedele. Stando alle prime informazioni, poco dopo mezzogiorno un centauro \u00e8 rimasto ferito a seguito di uno scontro con un mezzo pesante che gli avrebbe tagliato la strada. Sul posto \u00e8 intervenuta anche la Croce Bianca di Albenga. L&#8217;uomo \u00e8 stato trasportato in ospedale in codice giallo. <\/p>\n","protected":false},"excerpt":{"rendered":"<p>Albenga. Incidente lungo la strada che da Albenga conduce alla frazione di San Fedele. Stando alle prime informazioni, poco dopo mezzogiorno un centauro \u00e8 rimasto ferito a seguito di uno scontro con un mezzo pesante che gli avrebbe tagliato la strada. Sul posto \u00e8 intervenuta anche la Croce Bianca di Albenga. L&#8217;uomo \u00e8 stato trasportato [&hellip;]<\/p>\n","protected":false},"author":13744,"featured_media":0,"comment_status":"open","ping_status":"closed","sticky":false,"template":"","format":"standard","meta":{"footnotes":""},"categories":[34],"tags":[678,85841,309],"class_list":["post-152887","post","type-post","status-publish","format-standard","hentry","category-cronaca","tag-678","tag-albenga","tag-incidente","post_cat_citta-albenga"],"amp_validity":null,"amp_enabled":true,"_links":{"self":[{"href":"https:\/\/staging.ivg.it\/ediapi\/wp\/v2\/posts\/152887","targetHints":{"allow":["GET"]}}],"collection":[{"href":"https:\/\/staging.ivg.it\/ediapi\/wp\/v2\/posts"}],"about":[{"href":"https:\/\/staging.ivg.it\/ediapi\/wp\/v2\/types\/post"}],"author":[{"embeddable":true,"href":"https:\/\/staging.ivg.it\/ediapi\/wp\/v2\/users\/13744"}],"replies":[{"embeddable":true,"href":"https:\/\/staging.ivg.it\/ediapi\/wp\/v2\/comments?post=152887"}],"version-history":[{"count":0,"href":"https:\/\/staging.ivg.it\/ediapi\/wp\/v2\/posts\/152887\/revisions"}],"wp:attachment":[{"href":"https:\/\/staging.ivg.it\/ediapi\/wp\/v2\/media?parent=152887"}],"wp:term":[{"taxonomy":"category","embeddable":true,"href":"https:\/\/staging.ivg.it\/ediapi\/wp\/v2\/categories?post=152887"},{"taxonomy":"post_tag","embeddable":true,"href":"https:\/\/staging.ivg.it\/ediapi\/wp\/v2\/tags?post=152887"}],"curies":[{"name":"wp","href":"https:\/\/api.w.org\/{rel}","templated":true}]}}