{"id":150852,"date":"2011-04-04T11:09:07","date_gmt":"2011-04-04T09:09:07","guid":{"rendered":"http:\/\/www.ivg.it\/?p=150852"},"modified":"2011-04-04T16:57:06","modified_gmt":"2011-04-04T14:57:06","slug":"albenga-profughi-ex-caserma-piave-non-disponibile-smentita-su-campochiesa","status":"publish","type":"post","link":"https:\/\/staging.ivg.it\/2011\/04\/albenga-profughi-ex-caserma-piave-non-disponibile-smentita-su-campochiesa\/","title":{"rendered":"Albenga, profughi: ex caserma Piave non disponibile, smentita su Campochiesa"},"content":{"rendered":"<p><strong>Albenga.<\/strong> &#8220;La ex caserma Piave non \u00e8 disponbile in quanto servono strutture gi\u00e0 pronte ad accogliere i profughi, ad Albenga esiste il nuovo centro Caritas ma pu\u00f2 ospitare un numero limitato di immigrati, visto gli otto posti letto disponibili. E comunque, se resta vero il rapporto 1 ogni 1000 abitanti, Albenga potr\u00e0 ricevere al massimo 25 nordafricani, senza contare, come gi\u00e0 detto, la possibilit\u00e0 di dirottare i profughi anche verso le zone dell&#8217;entroterra&#8221;. Sar\u00e0 questa la posizione del sindaco di Albenga Rosy Guarnieri nel corso del vertice con i sindaci savonesi convocato oggi presso l&#8217;Ente Scuola Edile, che avr\u00e0 al centro proprio il piano regionale per l&#8217;emergenza immigrazione a seguito degli eventi in Libia e Nord Africa.<\/p>\n<p>L&#8217;amministrazione comunale ingauna ha inoltre smentito in queste ore un possibile utilizzo dell&#8217;area di Prato Grande a Campochiesa, dove sono in corso lavori di pulitura di rii e fossati che non hanno niente a che vedere con le iniziative di accoglienza previste per il Comune albenganese. &#8220;Anche sui numeri bisogna prima avere definite le cifre, mi auguro che chiarimenti arriveranno gi\u00e0 nell&#8217;incontro di domani a Roma&#8221; ha concluso la Guarnieri.<\/p>\n","protected":false},"excerpt":{"rendered":"<p>Albenga. &#8220;La ex caserma Piave non \u00e8 disponbile in quanto servono strutture gi\u00e0 pronte ad accogliere i profughi, ad Albenga esiste il nuovo centro Caritas ma pu\u00f2 ospitare un numero limitato di immigrati, visto gli otto posti letto disponibili. E comunque, se resta vero il rapporto 1 ogni 1000 abitanti, Albenga potr\u00e0 ricevere al massimo [&hellip;]<\/p>\n","protected":false},"author":4,"featured_media":0,"comment_status":"open","ping_status":"closed","sticky":false,"template":"","format":"standard","meta":{"footnotes":""},"categories":[],"tags":[85841,31028,6607],"class_list":["post-150852","post","type-post","status-publish","format-standard","hentry","tag-albenga","tag-profughi","tag-rosy-guarnieri","post_cat_citta-albenga","post_cat_citta-andora"],"amp_validity":null,"amp_enabled":true,"_links":{"self":[{"href":"https:\/\/staging.ivg.it\/ediapi\/wp\/v2\/posts\/150852","targetHints":{"allow":["GET"]}}],"collection":[{"href":"https:\/\/staging.ivg.it\/ediapi\/wp\/v2\/posts"}],"about":[{"href":"https:\/\/staging.ivg.it\/ediapi\/wp\/v2\/types\/post"}],"author":[{"embeddable":true,"href":"https:\/\/staging.ivg.it\/ediapi\/wp\/v2\/users\/4"}],"replies":[{"embeddable":true,"href":"https:\/\/staging.ivg.it\/ediapi\/wp\/v2\/comments?post=150852"}],"version-history":[{"count":0,"href":"https:\/\/staging.ivg.it\/ediapi\/wp\/v2\/posts\/150852\/revisions"}],"wp:attachment":[{"href":"https:\/\/staging.ivg.it\/ediapi\/wp\/v2\/media?parent=150852"}],"wp:term":[{"taxonomy":"category","embeddable":true,"href":"https:\/\/staging.ivg.it\/ediapi\/wp\/v2\/categories?post=150852"},{"taxonomy":"post_tag","embeddable":true,"href":"https:\/\/staging.ivg.it\/ediapi\/wp\/v2\/tags?post=150852"}],"curies":[{"name":"wp","href":"https:\/\/api.w.org\/{rel}","templated":true}]}}