{"id":150529,"date":"2011-04-02T09:30:17","date_gmt":"2011-04-02T07:30:17","guid":{"rendered":"http:\/\/www.ivg.it\/?p=150529"},"modified":"2011-04-02T14:24:23","modified_gmt":"2011-04-02T12:24:23","slug":"scenario-padano-in-riviera-risveglio-con-la-nebbia-foto","status":"publish","type":"post","link":"https:\/\/staging.ivg.it\/2011\/04\/scenario-padano-in-riviera-risveglio-con-la-nebbia-foto\/","title":{"rendered":"Scenario \u201cpadano\u201d in Riviera: risveglio con la nebbia (foto)"},"content":{"rendered":"<p><strong>Alassio<\/strong>. Effetti da Pianura Padana questa mattina in Riviera. Alcune localit\u00e0 ponentine infatti si sono svegliate &#8220;abbracciate&#8221; dalla nebbia. La vista da Solva regalava uno spettacolare &#8220;mare bianco&#8221; di nuvole che ricopriva Alassio. Ambientazione decisamente pi\u00f9 da localit\u00e0 montana quella che si \u00e8 creata a Giustenice: una fitta nebbiolina impediva di vedere pi\u00f9 in l\u00e0 che di qualche metro. Con l&#8217;arrivo del sole, piano piano, la nebbia \u00e8 sparita e il cielo azzurro \u00e8 tornato protagonista.<\/p>\n","protected":false},"excerpt":{"rendered":"<p>Alassio. Effetti da Pianura Padana questa mattina in Riviera. Alcune localit\u00e0 ponentine infatti si sono svegliate &#8220;abbracciate&#8221; dalla nebbia. La vista da Solva regalava uno spettacolare &#8220;mare bianco&#8221; di nuvole che ricopriva Alassio. Ambientazione decisamente pi\u00f9 da localit\u00e0 montana quella che si \u00e8 creata a Giustenice: una fitta nebbiolina impediva di vedere pi\u00f9 in l\u00e0 [&hellip;]<\/p>\n","protected":false},"author":13744,"featured_media":0,"comment_status":"open","ping_status":"closed","sticky":false,"template":"","format":"standard","meta":{"footnotes":""},"categories":[56,34],"tags":[85824,85908],"class_list":["post-150529","post","type-post","status-publish","format-standard","hentry","category-altre","category-cronaca","tag-alassio","tag-giustenice","post_cat_citta-alassio","post_cat_citta-giustenice"],"amp_validity":null,"amp_enabled":true,"_links":{"self":[{"href":"https:\/\/staging.ivg.it\/ediapi\/wp\/v2\/posts\/150529","targetHints":{"allow":["GET"]}}],"collection":[{"href":"https:\/\/staging.ivg.it\/ediapi\/wp\/v2\/posts"}],"about":[{"href":"https:\/\/staging.ivg.it\/ediapi\/wp\/v2\/types\/post"}],"author":[{"embeddable":true,"href":"https:\/\/staging.ivg.it\/ediapi\/wp\/v2\/users\/13744"}],"replies":[{"embeddable":true,"href":"https:\/\/staging.ivg.it\/ediapi\/wp\/v2\/comments?post=150529"}],"version-history":[{"count":0,"href":"https:\/\/staging.ivg.it\/ediapi\/wp\/v2\/posts\/150529\/revisions"}],"wp:attachment":[{"href":"https:\/\/staging.ivg.it\/ediapi\/wp\/v2\/media?parent=150529"}],"wp:term":[{"taxonomy":"category","embeddable":true,"href":"https:\/\/staging.ivg.it\/ediapi\/wp\/v2\/categories?post=150529"},{"taxonomy":"post_tag","embeddable":true,"href":"https:\/\/staging.ivg.it\/ediapi\/wp\/v2\/tags?post=150529"}],"curies":[{"name":"wp","href":"https:\/\/api.w.org\/{rel}","templated":true}]}}