{"id":150527,"date":"2011-04-02T09:06:29","date_gmt":"2011-04-02T07:06:29","guid":{"rendered":"http:\/\/www.ivg.it\/?p=150527"},"modified":"2011-04-02T09:06:29","modified_gmt":"2011-04-02T07:06:29","slug":"savona-adotta-un-articolo-della-costituzione-italiana-art-9-mostra-a-palazzo-sisto","status":"publish","type":"post","link":"https:\/\/staging.ivg.it\/2011\/04\/savona-adotta-un-articolo-della-costituzione-italiana-art-9-mostra-a-palazzo-sisto\/","title":{"rendered":"Savona, &#8220;Adotta un articolo della Costituzione Italiana: art. 9&#8221;: mostra a Palazzo Sisto"},"content":{"rendered":"<p><strong>Savona<\/strong>. &#8220;Adotta un articolo della Costituzione Italiana: art. 9&#8221;. E&#8217; questo il titolo della mostra organizzata da Associazione \u201cR. Aiolfi\u201d, Comune di Savona e Anpi con il patrocinio dell\u2019Iscrec, Accademia Musicale di Savona Ferrato-Cilea. L\u2019iniziativa \u00e8 anche inserita nella XIII Settimana della Cultura del Ministero dei Beni e delle Attivit\u00e0 Culturali.<\/p>\n<p>La mostra, che sar\u00e0 allestita nell&#8217;Atrio di Palazzo Sisto, inizier\u00e0 il 9 aprile e terminer\u00e0 il 17. Questi gli artisti presenti alla mostra: Accarini Riccardo; Amoretti Maria Paola; Bentivoglio Mirella; Coda Milly; Del Fauro Gioia Anna;  Drago Maria Giulia;Fantini Fabrizia; Ferrando Giuseppe; Garozzo Giovanni; Giovagnoli Luisa; Giusto Acquaviva Lorenzo;Giusto Carlo;Grillo Greta; Liberti Bruno;Minuto Renata; Mogni Marcello; Pach\u00ec Stefano; Palladini Sergio;  Piccazzo Gianni; Rigon Luigi Maria, Robustelli Giorgio; Schiavetta Beppe; Sosio Cristina; Stan Neac\u015fu Constantin; Tedeschi Nani; Trielli Giuseppe.<\/p>\n<p>L&#8217;inaugurazione sar\u00e0 sabato 9 aprile alle 16,30 con la partecipazione straordinaria del coro \u201cVoci di Primavera\u201d dell\u2019Accademia Musicale di Savona, Direttore Carlo Chiddemi. Orario mostra: 10-12 e 15,30-18,30. Per informazioni: Associazione \u201cAiolfi\u201d, Savona, cell. 3356762773; http:\/\/aiolfiassociazione.blogspot.com.<\/p>\n","protected":false},"excerpt":{"rendered":"<p>Savona. &#8220;Adotta un articolo della Costituzione Italiana: art. 9&#8221;. E&#8217; questo il titolo della mostra organizzata da Associazione \u201cR. Aiolfi\u201d, Comune di Savona e Anpi con il patrocinio dell\u2019Iscrec, Accademia Musicale di Savona Ferrato-Cilea. L\u2019iniziativa \u00e8 anche inserita nella XIII Settimana della Cultura del Ministero dei Beni e delle Attivit\u00e0 Culturali. La mostra, che sar\u00e0 [&hellip;]<\/p>\n","protected":false},"author":13744,"featured_media":0,"comment_status":"open","ping_status":"closed","sticky":false,"template":"","format":"standard","meta":{"footnotes":""},"categories":[56],"tags":[12787,11309,389,85850],"class_list":["post-150527","post","type-post","status-publish","format-standard","hentry","category-altre","tag-associazione-aiolfi","tag-comune-di-savona","tag-mostre-darte","tag-savona","post_cat_citta-savona"],"amp_validity":null,"amp_enabled":true,"_links":{"self":[{"href":"https:\/\/staging.ivg.it\/ediapi\/wp\/v2\/posts\/150527","targetHints":{"allow":["GET"]}}],"collection":[{"href":"https:\/\/staging.ivg.it\/ediapi\/wp\/v2\/posts"}],"about":[{"href":"https:\/\/staging.ivg.it\/ediapi\/wp\/v2\/types\/post"}],"author":[{"embeddable":true,"href":"https:\/\/staging.ivg.it\/ediapi\/wp\/v2\/users\/13744"}],"replies":[{"embeddable":true,"href":"https:\/\/staging.ivg.it\/ediapi\/wp\/v2\/comments?post=150527"}],"version-history":[{"count":0,"href":"https:\/\/staging.ivg.it\/ediapi\/wp\/v2\/posts\/150527\/revisions"}],"wp:attachment":[{"href":"https:\/\/staging.ivg.it\/ediapi\/wp\/v2\/media?parent=150527"}],"wp:term":[{"taxonomy":"category","embeddable":true,"href":"https:\/\/staging.ivg.it\/ediapi\/wp\/v2\/categories?post=150527"},{"taxonomy":"post_tag","embeddable":true,"href":"https:\/\/staging.ivg.it\/ediapi\/wp\/v2\/tags?post=150527"}],"curies":[{"name":"wp","href":"https:\/\/api.w.org\/{rel}","templated":true}]}}