{"id":150522,"date":"2011-04-02T08:49:01","date_gmt":"2011-04-02T06:49:01","guid":{"rendered":"http:\/\/www.ivg.it\/?p=150522"},"modified":"2011-04-02T08:49:01","modified_gmt":"2011-04-02T06:49:01","slug":"emergenza-sbarchi-martedi-a-roma-la-conferenza-delle-regioni","status":"publish","type":"post","link":"https:\/\/staging.ivg.it\/2011\/04\/emergenza-sbarchi-martedi-a-roma-la-conferenza-delle-regioni\/","title":{"rendered":"Emergenza sbarchi: marted\u00ec a Roma la Conferenza delle Regioni"},"content":{"rendered":"<p>Il presidente Vasco Errani ha convocato la Conferenza delle Regioni e delle Province autonome per le ore 10 del 5 aprile a Roma. All&#8217;ordine del giorno le &#8220;determinazioni da assumere a seguito della riunione della Cabina di regia nazionale sull&#8217;emergenza umanitaria &#8211; Immigrazione dai Paesi del Nord Africa&#8221;, che si \u00e8 svolta ieri.<\/p>\n<p>Il ministro per i Rapporti con le Regioni Raffaele Fitto &#8220;a seguito di quanto concordato nella riunione politica&#8221; di ieri mattina ha poi convocato &#8211; come gi\u00e0 anticipato ieri &#8211; un ulteriore incontro sempre per marted\u00ec 5 aprile alle ore 12,30 che si svolger\u00e0 presso la sala Verde di Palazzo Chigi.<\/p>\n","protected":false},"excerpt":{"rendered":"<p>Il presidente Vasco Errani ha convocato la Conferenza delle Regioni e delle Province autonome per le ore 10 del 5 aprile a Roma. All&#8217;ordine del giorno le &#8220;determinazioni da assumere a seguito della riunione della Cabina di regia nazionale sull&#8217;emergenza umanitaria &#8211; Immigrazione dai Paesi del Nord Africa&#8221;, che si \u00e8 svolta ieri. Il ministro [&hellip;]<\/p>\n","protected":false},"author":13744,"featured_media":0,"comment_status":"open","ping_status":"closed","sticky":false,"template":"","format":"standard","meta":{"footnotes":""},"categories":[56,31],"tags":[21837,393,32013],"class_list":["post-150522","post","type-post","status-publish","format-standard","hentry","category-altre","category-politica","tag-conferenza-regioni","tag-liguria","tag-sbarchi","post_cat_citta-andora"],"amp_validity":null,"amp_enabled":true,"_links":{"self":[{"href":"https:\/\/staging.ivg.it\/ediapi\/wp\/v2\/posts\/150522","targetHints":{"allow":["GET"]}}],"collection":[{"href":"https:\/\/staging.ivg.it\/ediapi\/wp\/v2\/posts"}],"about":[{"href":"https:\/\/staging.ivg.it\/ediapi\/wp\/v2\/types\/post"}],"author":[{"embeddable":true,"href":"https:\/\/staging.ivg.it\/ediapi\/wp\/v2\/users\/13744"}],"replies":[{"embeddable":true,"href":"https:\/\/staging.ivg.it\/ediapi\/wp\/v2\/comments?post=150522"}],"version-history":[{"count":0,"href":"https:\/\/staging.ivg.it\/ediapi\/wp\/v2\/posts\/150522\/revisions"}],"wp:attachment":[{"href":"https:\/\/staging.ivg.it\/ediapi\/wp\/v2\/media?parent=150522"}],"wp:term":[{"taxonomy":"category","embeddable":true,"href":"https:\/\/staging.ivg.it\/ediapi\/wp\/v2\/categories?post=150522"},{"taxonomy":"post_tag","embeddable":true,"href":"https:\/\/staging.ivg.it\/ediapi\/wp\/v2\/tags?post=150522"}],"curies":[{"name":"wp","href":"https:\/\/api.w.org\/{rel}","templated":true}]}}