{"id":150228,"date":"2011-04-01T09:27:24","date_gmt":"2011-04-01T07:27:24","guid":{"rendered":"http:\/\/www.ivg.it\/?p=150228"},"modified":"2011-04-01T15:25:00","modified_gmt":"2011-04-01T13:25:00","slug":"sanita-il-comitato-sanitario-valbormida-chiede-parole-chiare-sullospedale-cairese","status":"publish","type":"post","link":"https:\/\/staging.ivg.it\/2011\/04\/sanita-il-comitato-sanitario-valbormida-chiede-parole-chiare-sullospedale-cairese\/","title":{"rendered":"Sanit\u00e0, il Comitato Sanitario Valbormida chiede parole chiare sull\u2019ospedale cairese"},"content":{"rendered":"<p><strong>Cairo M.<\/strong> Tra luci e ombre della sanit\u00e0 locale, interviene anche il Comitato Sanitario Locale Valbormida che rivolge direttamente le sue domande e obiezioni al sindaco di Cairo Montenotte e all&#8217;assessore regionale alla Sanit\u00e0 Montaldo.<\/p>\n<p>&#8220;Vorremmo richiamare l\u2019attenzione dell\u2019Assessore Regionale alla Sanit\u00e0  e del nostro Sindaco di Cairo, sui problemi che ci preoccupano &#8211; si legge in un comunicato del Comitato &#8211; All\u2019Assessore regionale per la Sanit\u00e0, vorremmo chiedere di esplicitare in modo inequivocabile cosa intende, quando rilasciando un\u2019intervista ad IVG (il 22 marzo) dichiara che si sta lavorando, con le risorse disponibili, per qualificare l\u2019ospedale di Cairo con un polo di day surgery: ecco, cosa intende per &#8216;risorse disponibili&#8217;? Si \u00e8 mai pensato a dare la caccia agli sprechi, uno fra tutti i turni aggiuntivi?  Cosa intende con le parole &#8216;per qualificare l\u2019ospedale di Cairo con un polo di day surgery&#8217;? Che verranno gradualmente e silenziosamente eliminati gli otto letti di Chirurgia generale, come si voleva fare con il piano di fine 2007 e che poi sono stati mantenuti con delibera regionale n. 8 del 2008? Quello che valeva nel 2008 \u00e8 gi\u00e0 obsoleto? Come avvengono le attivit\u00e0 di Day Surgery (oculistica, ortopedia, chirurgia vascolare, chirurgia della mano\u2026)? Sono anche queste in regime di turni aggiuntivi? E poi \u00e8 al corrente il dottor Montaldo, che da novembre 2010 non ci sono pi\u00f9 interventi di chirurgia della mano? E\u2019 al corrente che gli esami e visite pre e post operatorie vengono fatte a Savona? Che i cittadini devono comunque andare a Savona per queste viste?&#8221;.<\/p>\n<p>&#8220;In ultimo &#8211; si legge ancora nella nota &#8211; abbiamo visto che l\u2019assessore ha comunicato recentemente, le buone valutazioni del Rapporto Osservasalute: bene, questo rapporto lo leggiamo anche noi, e non sono tutte rose, ci sono anche tante spine e siamo disposti a discuterne, documenti alla mano. Dottor Montaldo, perch\u00e9 almeno di tanto in tanto, non vuole confrontarsi con le associazioni dei cittadini? Dal sindaco, in qualit\u00e0 di primo responsabile della sanit\u00e0 e di presidente del Distretto Sociosanitario n. 6 delle Bormide, gradiremmo sapere se \u00e8 al corrente di qualche sviluppo, ossia se e quando questioni della carenza di medici e primari sar\u00e0 risolta, e se il progetto delle sale operatorie gode di buona salute o se non costituisce il solito specchietto elettorale. Qualora il nostro Sindaco, non fosse ancora debitamente informato, apprezzeremmo molto se volesse reperire le informazioni corrette e renderle note alla comunit\u00e0&#8221;.<\/p>\n","protected":false},"excerpt":{"rendered":"<p>Cairo M. Tra luci e ombre della sanit\u00e0 locale, interviene anche il Comitato Sanitario Locale Valbormida che rivolge direttamente le sue domande e obiezioni al sindaco di Cairo Montenotte e all&#8217;assessore regionale alla Sanit\u00e0 Montaldo. &#8220;Vorremmo richiamare l\u2019attenzione dell\u2019Assessore Regionale alla Sanit\u00e0 e del nostro Sindaco di Cairo, sui problemi che ci preoccupano &#8211; si [&hellip;]<\/p>\n","protected":false},"author":13744,"featured_media":0,"comment_status":"open","ping_status":"closed","sticky":false,"template":"","format":"standard","meta":{"footnotes":""},"categories":[],"tags":[85987,26597,19710,111],"class_list":["post-150228","post","type-post","status-publish","format-standard","hentry","tag-cairo-montenotte","tag-comitato-sanitario-locale-valbormida","tag-ospedale-san-giuseppe","tag-sanita","post_cat_citta-cairo-montenotte"],"amp_validity":null,"amp_enabled":true,"_links":{"self":[{"href":"https:\/\/staging.ivg.it\/ediapi\/wp\/v2\/posts\/150228","targetHints":{"allow":["GET"]}}],"collection":[{"href":"https:\/\/staging.ivg.it\/ediapi\/wp\/v2\/posts"}],"about":[{"href":"https:\/\/staging.ivg.it\/ediapi\/wp\/v2\/types\/post"}],"author":[{"embeddable":true,"href":"https:\/\/staging.ivg.it\/ediapi\/wp\/v2\/users\/13744"}],"replies":[{"embeddable":true,"href":"https:\/\/staging.ivg.it\/ediapi\/wp\/v2\/comments?post=150228"}],"version-history":[{"count":0,"href":"https:\/\/staging.ivg.it\/ediapi\/wp\/v2\/posts\/150228\/revisions"}],"wp:attachment":[{"href":"https:\/\/staging.ivg.it\/ediapi\/wp\/v2\/media?parent=150228"}],"wp:term":[{"taxonomy":"category","embeddable":true,"href":"https:\/\/staging.ivg.it\/ediapi\/wp\/v2\/categories?post=150228"},{"taxonomy":"post_tag","embeddable":true,"href":"https:\/\/staging.ivg.it\/ediapi\/wp\/v2\/tags?post=150228"}],"curies":[{"name":"wp","href":"https:\/\/api.w.org\/{rel}","templated":true}]}}