{"id":149634,"date":"2011-03-31T11:10:25","date_gmt":"2011-03-31T09:10:25","guid":{"rendered":"http:\/\/www.ivg.it\/?p=149634"},"modified":"2011-03-31T17:59:29","modified_gmt":"2011-03-31T15:59:29","slug":"andora-il-sindaco-floris-comuni-paralizzati-urge-la-revisione-del-patto-di-stabilita","status":"publish","type":"post","link":"https:\/\/staging.ivg.it\/2011\/03\/andora-il-sindaco-floris-comuni-paralizzati-urge-la-revisione-del-patto-di-stabilita\/","title":{"rendered":"Andora, il sindaco Floris: \u201cComuni paralizzati, urge la revisione del patto di stabilit\u00e0\u201d"},"content":{"rendered":"<p><strong>Andora<\/strong>. &#8220;Il 2011 \u00e8 l&#8217;anno peggiore per tutti i Comuni, con sofferenza particolare per quelli tra i 5 mila e 10 mila abitanti&#8221;. Cos\u00ec Franco Floris, sindaco di Andora e presidente della commissione finanza locale dell\u2019Anci, sulla condizione finanziaria e contabile degli enti comunali alla luce del federalismo e del patto di stabilit\u00e0 che, secondo l&#8217;Associazione Nazionale Comuni Italiani, urge essere revisionato. &#8220;La richiesta di raggiungimento degli obiettivi allo stato attuale \u00e8 quasi impossibile &#8211; commenta Floris &#8211; Alcuni Comuni registrano difficolt\u00e0 a fare i bilanci preventivi, altri hanno gi\u00e0 approvato ma bloccato i pagamenti cos\u00ec come i lavori pubblici&#8221;.<\/p>\n<p>&#8220;Siamo arrivati al blocco dell&#8217;attivit\u00e0 amministrativa &#8211; afferma il primo cittadino andorese &#8211; Il ruolo di Anci Liguria \u00e8 determinante in questa fase molto delicata: chiediamo al governo un ridimensionamento degli obiettivi imposti, in modo da consentire un po&#8217; di spazio ai governatori locali, tenendo conto che molti Comuni hanno soldi in cassa&#8221;. &#8220;Abbiamo chiesto che venga approvato il Dcpm per abbattere del 50% l&#8217;obiettivo &#8211; aggiunge &#8211; Inoltre, in quanto nella normativa federalista \u00e8 incluso un fondo provvisorio di compartecipazione, vogliamo fare luce su questo aspetto, per scongiurare il rischio che si riveli persino un aggravio&#8221;.<\/p>\n<p>La morsa \u00e8 stretta. Il decreto legislativo recante &#8220;Disposizioni in materia di federalismo fiscale municipale&#8221; se riapre la possibilit\u00e0 per i Comuni di esercitare l\u2019autonomia finanziaria su un complesso di cespiti devoluti dallo Stato, per\u00f2 si sovrappone ai limiti calibrati dal patto di stabilit\u00e0. &#8220;Da una parte l&#8217;attuazione del federalismo fiscale, dall&#8217;altra il patto di stabilit\u00e0 che blocca investimenti, spese e assunzioni&#8221; sottolinea Floris.<\/p>\n<p>&#8220;Tutti dobbiamo compartecipare al miglioramento del debito nazionale. Tuttavia, \u00e8 necessario e urgente che tra i comparti, dalle istituzioni nazionali a quelle regionali a quelle locali, si trovi una soluzione che consenta ai Comuni di andare avanti, altrimenti il pericolo \u00e8 quello di una paralisi totale di operativit\u00e0 che di fatto corrissponderebbe ad una sorta di commissariamento dall&#8217;alto&#8221; conclude Floris.<\/p>\n","protected":false},"excerpt":{"rendered":"<p>Andora. &#8220;Il 2011 \u00e8 l&#8217;anno peggiore per tutti i Comuni, con sofferenza particolare per quelli tra i 5 mila e 10 mila abitanti&#8221;. Cos\u00ec Franco Floris, sindaco di Andora e presidente della commissione finanza locale dell\u2019Anci, sulla condizione finanziaria e contabile degli enti comunali alla luce del federalismo e del patto di stabilit\u00e0 che, secondo [&hellip;]<\/p>\n","protected":false},"author":13744,"featured_media":0,"comment_status":"closed","ping_status":"closed","sticky":false,"template":"","format":"standard","meta":{"footnotes":""},"categories":[35],"tags":[1567,11366,3785,326,324],"class_list":["post-149634","post","type-post","status-publish","format-standard","hentry","category-economia","tag-anci","tag-anci-liguria","tag-federalismo","tag-franco-floris","tag-patto-di-stabilita","post_cat_citta-andora"],"amp_validity":null,"amp_enabled":true,"_links":{"self":[{"href":"https:\/\/staging.ivg.it\/ediapi\/wp\/v2\/posts\/149634","targetHints":{"allow":["GET"]}}],"collection":[{"href":"https:\/\/staging.ivg.it\/ediapi\/wp\/v2\/posts"}],"about":[{"href":"https:\/\/staging.ivg.it\/ediapi\/wp\/v2\/types\/post"}],"author":[{"embeddable":true,"href":"https:\/\/staging.ivg.it\/ediapi\/wp\/v2\/users\/13744"}],"replies":[{"embeddable":true,"href":"https:\/\/staging.ivg.it\/ediapi\/wp\/v2\/comments?post=149634"}],"version-history":[{"count":0,"href":"https:\/\/staging.ivg.it\/ediapi\/wp\/v2\/posts\/149634\/revisions"}],"wp:attachment":[{"href":"https:\/\/staging.ivg.it\/ediapi\/wp\/v2\/media?parent=149634"}],"wp:term":[{"taxonomy":"category","embeddable":true,"href":"https:\/\/staging.ivg.it\/ediapi\/wp\/v2\/categories?post=149634"},{"taxonomy":"post_tag","embeddable":true,"href":"https:\/\/staging.ivg.it\/ediapi\/wp\/v2\/tags?post=149634"}],"curies":[{"name":"wp","href":"https:\/\/api.w.org\/{rel}","templated":true}]}}