{"id":149172,"date":"2011-03-28T17:54:48","date_gmt":"2011-03-28T15:54:48","guid":{"rendered":"http:\/\/www.ivg.it\/?p=149172"},"modified":"2011-03-29T17:05:39","modified_gmt":"2011-03-29T15:05:39","slug":"savona-servizi-sociali-330-mila-euro-per-fabbricato-ex-centrale-enel","status":"publish","type":"post","link":"https:\/\/staging.ivg.it\/2011\/03\/savona-servizi-sociali-330-mila-euro-per-fabbricato-ex-centrale-enel\/","title":{"rendered":"Savona, servizi sociali: 330 mila euro per fabbricato ex centrale Enel"},"content":{"rendered":"<p><strong>Savona.<\/strong> 330 mila euro. E&#8217; la cifra che verr\u00e0 stanziata dall&#8217;amministrazione comunale di Savona per il restyling del fabbricato situato nell&#8217;area dell&#8217;ex centrale Enel e che verr\u00e0 adibito per finalit\u00e0 ed iniziative di carattere sociale. La pratica verr\u00e0 portata domani mattina sul tavolo della giunta comunale dal vice sindaco Paolo Caviglia e dall&#8217;assessore ai servizi sociali Isabella Sorgini.<\/p>\n<p>L&#8217;edificio di propriet\u00e0 comunale \u00e8 di due piani, con un piano interrato non abitabile. Le risorse per i lavori di ristrutturazione dell&#8217;intero immobile sono state recepite dal P.R.U. (Piano Riqualificazione Urbana) destinato al quartiere di Lavagnola. Tra i progetti anche la possibilit\u00e0 di lavori di ristrutturazione di alloggi a canone moderato da destinare all&#8217;agenzia regionale A.R.T.E.<\/p>\n","protected":false},"excerpt":{"rendered":"<p>Savona. 330 mila euro. E&#8217; la cifra che verr\u00e0 stanziata dall&#8217;amministrazione comunale di Savona per il restyling del fabbricato situato nell&#8217;area dell&#8217;ex centrale Enel e che verr\u00e0 adibito per finalit\u00e0 ed iniziative di carattere sociale. La pratica verr\u00e0 portata domani mattina sul tavolo della giunta comunale dal vice sindaco Paolo Caviglia e dall&#8217;assessore ai servizi [&hellip;]<\/p>\n","protected":false},"author":4,"featured_media":0,"comment_status":"open","ping_status":"closed","sticky":false,"template":"","format":"standard","meta":{"footnotes":""},"categories":[],"tags":[86123,85850],"class_list":["post-149172","post","type-post","status-publish","format-standard","hentry","tag-palazzo-sisto","tag-savona","post_cat_citta-andora","post_cat_citta-savona"],"amp_validity":null,"amp_enabled":true,"_links":{"self":[{"href":"https:\/\/staging.ivg.it\/ediapi\/wp\/v2\/posts\/149172","targetHints":{"allow":["GET"]}}],"collection":[{"href":"https:\/\/staging.ivg.it\/ediapi\/wp\/v2\/posts"}],"about":[{"href":"https:\/\/staging.ivg.it\/ediapi\/wp\/v2\/types\/post"}],"author":[{"embeddable":true,"href":"https:\/\/staging.ivg.it\/ediapi\/wp\/v2\/users\/4"}],"replies":[{"embeddable":true,"href":"https:\/\/staging.ivg.it\/ediapi\/wp\/v2\/comments?post=149172"}],"version-history":[{"count":0,"href":"https:\/\/staging.ivg.it\/ediapi\/wp\/v2\/posts\/149172\/revisions"}],"wp:attachment":[{"href":"https:\/\/staging.ivg.it\/ediapi\/wp\/v2\/media?parent=149172"}],"wp:term":[{"taxonomy":"category","embeddable":true,"href":"https:\/\/staging.ivg.it\/ediapi\/wp\/v2\/categories?post=149172"},{"taxonomy":"post_tag","embeddable":true,"href":"https:\/\/staging.ivg.it\/ediapi\/wp\/v2\/tags?post=149172"}],"curies":[{"name":"wp","href":"https:\/\/api.w.org\/{rel}","templated":true}]}}