{"id":149159,"date":"2011-03-28T17:50:27","date_gmt":"2011-03-28T15:50:27","guid":{"rendered":"http:\/\/www.ivg.it\/?p=149159"},"modified":"2011-03-28T17:50:27","modified_gmt":"2011-03-28T15:50:27","slug":"dego-lultimo-addio-a-gian-luca-pennino","status":"publish","type":"post","link":"https:\/\/staging.ivg.it\/2011\/03\/dego-lultimo-addio-a-gian-luca-pennino\/","title":{"rendered":"Dego: l&#8217;ultimo addio a Gian Luca Pennino"},"content":{"rendered":"<p><strong>Dego.<\/strong> Tanti giovani, amici, parenti ma anche numerosi volontari della Croce Bianca si sono ritrovati questo pomeriggio nella chiesa parrocchiale di Dego per i funerali\u00a0di Gian Luca Pennino, 32 anni, deceduto tra venerd\u00ec e sabato scorso sull&#8217;ex statale 29, in localit\u00e0 Colletto, in Valbormida.<\/p>\n<p>Una folla commossa che si \u00e8 stretta intorno alla famiglia per dare l&#8217;ultimo saluto al giovane imprenditore valbomidese che era molto conosciuto in tutta la valle.\u00a0<\/p>\n<p>Sul social network Facebook molti amici hanno voluto salutare per l&#8217;ultima volta l&#8217;amico lasciando messaggi e pensieri: &#8220;Ci siamo visti gioved\u00ec sera, ci siamo dati il cambio turno in Croce, un saluto, le risate, \u00a0come si poteva pensare che era l&#8217;ultima volta che ci saremmo visti? Ora la Croce Bianca del Paradiso ha un grande milite su cui contare, aiutaci se puoi da lass\u00f9. Ciao Gian Luca&#8221; scrive Alberto.<\/p>\n<p>&#8220;Gian non ci posso ancora credere, mi mancherai proprio come a tutti coloro che ti hanno conosciuto e voluto bene, sarai sempre con noi, un bacio grande&#8221; scrive Antonella.<\/p>\n<p>&#8220;Ciao Gian, fai buon viaggio, ogni tanto guarda gi\u00f9 verso di noi e dammi una mano, come facevi sempre quando ero gi\u00f9. Ti voglio bene&#8221; scrive Anna.<\/p>\n<p>Domani mattina la Valbormida sar\u00e0 nuovamente in lutto a Carcare dove alle 10,30 saranno celebrati i funerali di Alberto Mulatero che ha perso la vita nello schianto avvenuto sabato notte in via Barrili, nella zona centrale di Carcare.<\/p>\n","protected":false},"excerpt":{"rendered":"<p>Dego. Tanti giovani, amici, parenti ma anche numerosi volontari della Croce Bianca si sono ritrovati questo pomeriggio nella chiesa parrocchiale di Dego per i funerali\u00a0di Gian Luca Pennino, 32 anni, deceduto tra venerd\u00ec e sabato scorso sull&#8217;ex statale 29, in localit\u00e0 Colletto, in Valbormida. Una folla commossa che si \u00e8 stretta intorno alla famiglia per [&hellip;]<\/p>\n","protected":false},"author":13744,"featured_media":0,"comment_status":"open","ping_status":"closed","sticky":false,"template":"","format":"standard","meta":{"footnotes":""},"categories":[34],"tags":[85904,1382],"class_list":["post-149159","post","type-post","status-publish","format-standard","hentry","category-cronaca","tag-dego","tag-funerali","post_cat_citta-dego"],"amp_validity":null,"amp_enabled":true,"_links":{"self":[{"href":"https:\/\/staging.ivg.it\/ediapi\/wp\/v2\/posts\/149159","targetHints":{"allow":["GET"]}}],"collection":[{"href":"https:\/\/staging.ivg.it\/ediapi\/wp\/v2\/posts"}],"about":[{"href":"https:\/\/staging.ivg.it\/ediapi\/wp\/v2\/types\/post"}],"author":[{"embeddable":true,"href":"https:\/\/staging.ivg.it\/ediapi\/wp\/v2\/users\/13744"}],"replies":[{"embeddable":true,"href":"https:\/\/staging.ivg.it\/ediapi\/wp\/v2\/comments?post=149159"}],"version-history":[{"count":0,"href":"https:\/\/staging.ivg.it\/ediapi\/wp\/v2\/posts\/149159\/revisions"}],"wp:attachment":[{"href":"https:\/\/staging.ivg.it\/ediapi\/wp\/v2\/media?parent=149159"}],"wp:term":[{"taxonomy":"category","embeddable":true,"href":"https:\/\/staging.ivg.it\/ediapi\/wp\/v2\/categories?post=149159"},{"taxonomy":"post_tag","embeddable":true,"href":"https:\/\/staging.ivg.it\/ediapi\/wp\/v2\/tags?post=149159"}],"curies":[{"name":"wp","href":"https:\/\/api.w.org\/{rel}","templated":true}]}}