{"id":148878,"date":"2011-03-27T16:19:24","date_gmt":"2011-03-27T14:19:24","guid":{"rendered":"http:\/\/www.ivg.it\/?p=148878"},"modified":"2011-04-02T14:01:39","modified_gmt":"2011-04-02T12:01:39","slug":"elezioni-alassio-lista-unica-pdl-lega-villani-volti-nuovi-trasparenza-e-dialogo","status":"publish","type":"post","link":"https:\/\/staging.ivg.it\/2011\/03\/elezioni-alassio-lista-unica-pdl-lega-villani-volti-nuovi-trasparenza-e-dialogo\/","title":{"rendered":"Elezioni Alassio, lista unica Pdl-Lega. Villani: \u201cVolti nuovi, trasparenza e dialogo\u201d"},"content":{"rendered":"<p><strong>Alassio<\/strong>. Pdl e Lega Nord faranno lista unica per la competizione elettorale ormai imminente ad Alassio. Il segretario provinciale del Carroccio, Paolo Ripamonti, \u00e8 sempre stato irremovibile: candidatura a Luca Villani. Cos\u00ec dopo il rimpallo con gli altri nomi del centrodestra (soprattutto con Monica Zioni) che erano in gioco nella rincorsa, l&#8217;ufficialit\u00e0 \u00e8 arrivata sotto data sul papabile promosso dai leghisti che non volevano per niente perdere questa partita.<\/p>\n<p>L&#8217;asse Pdl-Lega correr\u00e0 con un&#8217;unica lista: 16 nomi che dovranno mettere d&#8217;accordo le due anime partitiche. &#8220;Prevediamo una componente maggioritaria di volti nuovi &#8211; assicura Villani &#8211; Le condizioni di rinnovamento ci sono. Intendiamo dare spazio alla societ\u00e0 civile per portare nuova linfa alla pratica amministrativa. A promuovere un rinnovamento si rischia, ma si doveva aprire al nuovo perch\u00e9 si vince bene quando ci sono persone che ti spalleggiano per cinque anni&#8221;.<\/p>\n<p>Villani, dentista di 31 anni, assessore provinciale entrato a Palazzo Nervi con una dote di 1331 voti, si vede pi\u00f9 come amministratore che come politico: &#8220;Ho pensato molto prima di accettare questa candidatura e avventura, perch\u00e9 ho anche il mio lavoro e la politica professionale comporta rinunce in ambito lavorativo. Sono spinto dalla passione per la mia citt\u00e0 ed ho accettatto, ma mi vedo pi\u00f9 come un amministratore. E per un amministratore \u00e8 meglio avere il proprio lavoro, che lo rende meno condizionabile in politica&#8221;.<\/p>\n<p>Non sono bastati gli interventi dei maggiorenti berlusconiani per trovare un candidato targato Pdl. Il sindaco reggente Gianni Aicardi escluso per la mancanza di appoggio da parte di Marco Melgrati, la coordinatrice cittadina Emanuela Preve osteggiata dagli alleati leghisti. Luca Villani ha avuto buon gioco, insieme alle aspirazioni del Carroccio tese a mettere un&#8217;altra bandierina dopo Albenga: &#8220;Un approccio alla politica semplice e diretto che ha convinto anche le file del Pdl&#8221; ha dichiarato Santiago Vacca, coordinatore provinciale del Pdl, con il suo omologo Ripamonti.<\/p>\n<p>&#8220;Trasparenza e dialogo costante con i cittadini&#8221; sottolinea Villani come chiave del suo programma e aggiunge: &#8220;La scelta sul mio nome \u00e8 stata unitaria, come espressione dell&#8217;alleanza tra Lega e Pdl. Ad Alassio l&#8217;appartenenza ad un partito conta relativamente. Bisogna vedere le persone e cosa sanno fare. Per questo conto di ricevere consensi anche al di fuori del Popolo della Libert\u00e0 e della Lega&#8221;.<\/p>\n<p>Sui commenti del concorrente e parente Roberto Avogadro, che aveva evidenziato come difficilmente i pidiellini di Alassio possano votare Lega, cos\u00ec Villani: &#8220;Sicuramente gli elettori del Pdl non voteranno chi \u00e8 appogiato dal Pd&#8221;.<\/p>\n","protected":false},"excerpt":{"rendered":"<p>Alassio. Pdl e Lega Nord faranno lista unica per la competizione elettorale ormai imminente ad Alassio. Il segretario provinciale del Carroccio, Paolo Ripamonti, \u00e8 sempre stato irremovibile: candidatura a Luca Villani. Cos\u00ec dopo il rimpallo con gli altri nomi del centrodestra (soprattutto con Monica Zioni) che erano in gioco nella rincorsa, l&#8217;ufficialit\u00e0 \u00e8 arrivata sotto [&hellip;]<\/p>\n","protected":false},"author":13744,"featured_media":0,"comment_status":"open","ping_status":"closed","sticky":false,"template":"","format":"standard","meta":{"footnotes":""},"categories":[31],"tags":[85824,218,31202,4200,11068,216],"class_list":["post-148878","post","type-post","status-publish","format-standard","hentry","category-politica","tag-alassio","tag-elezioni","tag-elezioni-alassio","tag-lega","tag-luca-villani","tag-pdl","post_cat_citta-alassio"],"amp_validity":null,"amp_enabled":true,"_links":{"self":[{"href":"https:\/\/staging.ivg.it\/ediapi\/wp\/v2\/posts\/148878","targetHints":{"allow":["GET"]}}],"collection":[{"href":"https:\/\/staging.ivg.it\/ediapi\/wp\/v2\/posts"}],"about":[{"href":"https:\/\/staging.ivg.it\/ediapi\/wp\/v2\/types\/post"}],"author":[{"embeddable":true,"href":"https:\/\/staging.ivg.it\/ediapi\/wp\/v2\/users\/13744"}],"replies":[{"embeddable":true,"href":"https:\/\/staging.ivg.it\/ediapi\/wp\/v2\/comments?post=148878"}],"version-history":[{"count":0,"href":"https:\/\/staging.ivg.it\/ediapi\/wp\/v2\/posts\/148878\/revisions"}],"wp:attachment":[{"href":"https:\/\/staging.ivg.it\/ediapi\/wp\/v2\/media?parent=148878"}],"wp:term":[{"taxonomy":"category","embeddable":true,"href":"https:\/\/staging.ivg.it\/ediapi\/wp\/v2\/categories?post=148878"},{"taxonomy":"post_tag","embeddable":true,"href":"https:\/\/staging.ivg.it\/ediapi\/wp\/v2\/tags?post=148878"}],"curies":[{"name":"wp","href":"https:\/\/api.w.org\/{rel}","templated":true}]}}