{"id":147988,"date":"2011-03-23T19:12:21","date_gmt":"2011-03-23T18:12:21","guid":{"rendered":"http:\/\/www.ivg.it\/?p=147988"},"modified":"2011-03-23T19:29:16","modified_gmt":"2011-03-23T18:29:16","slug":"savona-il-vice-sindaco-caviglia-bene-per-la-maersk-ora-lalbenga-predosa","status":"publish","type":"post","link":"https:\/\/staging.ivg.it\/2011\/03\/savona-il-vice-sindaco-caviglia-bene-per-la-maersk-ora-lalbenga-predosa\/","title":{"rendered":"Savona, il vice sindaco Caviglia: &#8220;Bene per la Maersk, ora l&#8217;Albenga-Predosa&#8221;"},"content":{"rendered":"<p><strong>Savona<\/strong>. &#8220;Quanto approvato oggi dal Consiglio superiore dei lavori pubblici \u00e8 una decisione storica e sar\u00e0 decisiva per lo sviluppo di tutto il nostro comprensorio portuale&#8221;. E&#8217; arrivato anche dal vice sindaco di Savona Paolo Caviglia un plauso al definitivo via libera sui lavori di realizzazione della piattaforma Maersk di Vado Ligure. &#8220;Un&#8217;opera strategica per tutto il savonese e la Liguria, che porta il nostro territorio in Europa&#8221; ha aggiunto il vice sindaco savonese.<\/p>\n<p>&#8220;Anche come Psi abbiamo sempre sostenuto la necessit\u00e0 di realizzare questa importante infrastruttura portuale che porter\u00e0 benefici alle aziende locali e garantir\u00e0 livelli occupazionali senza precedenti&#8221;.<\/p>\n<p>&#8220;La piattaforma sar\u00e0 una occasione anche per la Val Bormida e la retroportualit\u00e0, con la prospettiva di una implementazione del settore della logistica di livello europeo&#8221;.<\/p>\n<p>Per Paolo Caviglia l&#8217;investimento per il nuovo terminal andr\u00e0 a rafforzare il sistema economico del Nord Ovest e far\u00e0 da volano anche per altri macro-interventi di potenziamento infrastrutturale. Uno su tutti la nuova bretella autostradale Albenga-Val Bormida-Predosa, per la quale gli enti locali attendono la convocazione del Ministero per la firma dell&#8217;atteso accordo di programma che potr\u00e0 rappresentare un primo concreto avvio dell&#8217;iter realizzativo.<\/p>\n","protected":false},"excerpt":{"rendered":"<p>Savona. &#8220;Quanto approvato oggi dal Consiglio superiore dei lavori pubblici \u00e8 una decisione storica e sar\u00e0 decisiva per lo sviluppo di tutto il nostro comprensorio portuale&#8221;. E&#8217; arrivato anche dal vice sindaco di Savona Paolo Caviglia un plauso al definitivo via libera sui lavori di realizzazione della piattaforma Maersk di Vado Ligure. &#8220;Un&#8217;opera strategica per [&hellip;]<\/p>\n","protected":false},"author":4,"featured_media":0,"comment_status":"open","ping_status":"closed","sticky":false,"template":"","format":"standard","meta":{"footnotes":""},"categories":[35],"tags":[11180,759,3233,85850,890],"class_list":["post-147988","post","type-post","status-publish","format-standard","hentry","category-economia","tag-albenga-predosa","tag-maersk","tag-paolo-caviglia","tag-savona","tag-val-bormida","post_cat_citta-andora","post_cat_citta-savona"],"amp_validity":null,"amp_enabled":true,"_links":{"self":[{"href":"https:\/\/staging.ivg.it\/ediapi\/wp\/v2\/posts\/147988","targetHints":{"allow":["GET"]}}],"collection":[{"href":"https:\/\/staging.ivg.it\/ediapi\/wp\/v2\/posts"}],"about":[{"href":"https:\/\/staging.ivg.it\/ediapi\/wp\/v2\/types\/post"}],"author":[{"embeddable":true,"href":"https:\/\/staging.ivg.it\/ediapi\/wp\/v2\/users\/4"}],"replies":[{"embeddable":true,"href":"https:\/\/staging.ivg.it\/ediapi\/wp\/v2\/comments?post=147988"}],"version-history":[{"count":0,"href":"https:\/\/staging.ivg.it\/ediapi\/wp\/v2\/posts\/147988\/revisions"}],"wp:attachment":[{"href":"https:\/\/staging.ivg.it\/ediapi\/wp\/v2\/media?parent=147988"}],"wp:term":[{"taxonomy":"category","embeddable":true,"href":"https:\/\/staging.ivg.it\/ediapi\/wp\/v2\/categories?post=147988"},{"taxonomy":"post_tag","embeddable":true,"href":"https:\/\/staging.ivg.it\/ediapi\/wp\/v2\/tags?post=147988"}],"curies":[{"name":"wp","href":"https:\/\/api.w.org\/{rel}","templated":true}]}}