{"id":147834,"date":"2011-03-23T15:03:17","date_gmt":"2011-03-23T14:03:17","guid":{"rendered":"http:\/\/www.ivg.it\/?p=147834"},"modified":"2011-03-23T17:21:30","modified_gmt":"2011-03-23T16:21:30","slug":"profughi-dal-nord-africa-il-sindaco-berruti-pronti-allaccoglienza-ma-il-governo-ritrasferisca-le-risorse","status":"publish","type":"post","link":"https:\/\/staging.ivg.it\/2011\/03\/profughi-dal-nord-africa-il-sindaco-berruti-pronti-allaccoglienza-ma-il-governo-ritrasferisca-le-risorse\/","title":{"rendered":"Profughi dal Nord Africa, il sindaco Berruti: \u201cPronti all\u2019accoglienza, ma il governo ritrasferisca le risorse\u201d"},"content":{"rendered":"<p><strong>Savona<\/strong>. &#8220;Siamo pronti a offrire solidariet\u00e0, come \u00e8 nella storia della nostra tradizione cittadina, ai profughi&#8221;. Cos\u00ec il sindaco di Savona, Federico Berruti, in un&#8217;intervista a Radio Babboleo News, ponendo per\u00f2 condizioni: &#8220;A patto che non sia l&#8217;ennesimo gioco delle tre carte con cui il governo scarica sugli enti locali le urgenze nazionali. Le tasse pagate all&#8217;amministrazione centrale devono essere impiegate per fare fronte alle necessit\u00e0. Se invece da Roma si vogliono coinvolgere i Comuni, si ritrasferiscano le risorse in tempo utile agli enti locali&#8221;.<\/p>\n<p>Anche la Liguria potrebbe dare risposte all&#8217;emergenza profughi del Nord Africa e della crisi libica, all&#8217;indomani della riunione del Viminale in cui le Regioni si sono dette disponibili a dare ospitalit\u00e0 a 50 mila immigrati. Per la regione ligure si tratta di circa 2 mila profughi. &#8220;Questo \u00e8 il governo meno federalista che si ricordi a memoria d&#8217;uomo &#8211; aggiunge Berruti &#8211; Per il resto, siamo pronti sulla base dei valori civili e sociali a offrire solidariet\u00e0&#8221;. A proporre disponibilit\u00e0 alla cooperazione \u00e8 gi\u00e0 stato Franco Orsi, il sindaco di Albisola e senatore del Pdl, offrendo accoglienza per 50 persone.<\/p>\n","protected":false},"excerpt":{"rendered":"<p>Savona. &#8220;Siamo pronti a offrire solidariet\u00e0, come \u00e8 nella storia della nostra tradizione cittadina, ai profughi&#8221;. Cos\u00ec il sindaco di Savona, Federico Berruti, in un&#8217;intervista a Radio Babboleo News, ponendo per\u00f2 condizioni: &#8220;A patto che non sia l&#8217;ennesimo gioco delle tre carte con cui il governo scarica sugli enti locali le urgenze nazionali. Le tasse [&hellip;]<\/p>\n","protected":false},"author":13744,"featured_media":0,"comment_status":"open","ping_status":"closed","sticky":false,"template":"","format":"standard","meta":{"footnotes":""},"categories":[31],"tags":[1062,31335,31028,85850],"class_list":["post-147834","post","type-post","status-publish","format-standard","hentry","category-politica","tag-federico-berruti","tag-libia","tag-profughi","tag-savona","post_cat_citta-savona"],"amp_validity":null,"amp_enabled":true,"_links":{"self":[{"href":"https:\/\/staging.ivg.it\/ediapi\/wp\/v2\/posts\/147834","targetHints":{"allow":["GET"]}}],"collection":[{"href":"https:\/\/staging.ivg.it\/ediapi\/wp\/v2\/posts"}],"about":[{"href":"https:\/\/staging.ivg.it\/ediapi\/wp\/v2\/types\/post"}],"author":[{"embeddable":true,"href":"https:\/\/staging.ivg.it\/ediapi\/wp\/v2\/users\/13744"}],"replies":[{"embeddable":true,"href":"https:\/\/staging.ivg.it\/ediapi\/wp\/v2\/comments?post=147834"}],"version-history":[{"count":0,"href":"https:\/\/staging.ivg.it\/ediapi\/wp\/v2\/posts\/147834\/revisions"}],"wp:attachment":[{"href":"https:\/\/staging.ivg.it\/ediapi\/wp\/v2\/media?parent=147834"}],"wp:term":[{"taxonomy":"category","embeddable":true,"href":"https:\/\/staging.ivg.it\/ediapi\/wp\/v2\/categories?post=147834"},{"taxonomy":"post_tag","embeddable":true,"href":"https:\/\/staging.ivg.it\/ediapi\/wp\/v2\/tags?post=147834"}],"curies":[{"name":"wp","href":"https:\/\/api.w.org\/{rel}","templated":true}]}}