{"id":147656,"date":"2011-03-22T18:43:17","date_gmt":"2011-03-22T17:43:17","guid":{"rendered":"http:\/\/www.ivg.it\/?p=147656"},"modified":"2011-03-22T18:52:10","modified_gmt":"2011-03-22T17:52:10","slug":"ospedale-di-albenga-il-pdl-ingauno-critica-la-gasco","status":"publish","type":"post","link":"https:\/\/staging.ivg.it\/2011\/03\/ospedale-di-albenga-il-pdl-ingauno-critica-la-gasco\/","title":{"rendered":"Ospedale di Albenga, il Pdl ingauno critica la Gasco"},"content":{"rendered":"<p><strong>Albenga. <\/strong>E&#8217; polemica il Pdl ingauno in merito all&#8217;odg bipartisan di Roberta Gasco e Stefano Quaini sull&#8217;ospedale di Albenga approvato in Consiglio regionale, con al centro il trasferimento di tutte le strutture da Albenga a Pietra Ligure, sede del reparto di maternit\u00e0.<\/p>\n<p>&#8220;Non pu\u00f2 che emergere la ferma disapprovazione nei riguardi delle scelte politiche recentemente portate avanti dai vertici provinciali del partito&#8221; afferma in una nota il gruppo consiliare di Albenga.<\/p>\n<p>&#8220;Siamo sinceramente sconcertati dalla decisione della consigliere regionale Roberta Gasco di sostenere, con grande miopia politica, le decisioni della sinistra in materia sanitaria. \u00c8 certamente vero che chi risiede a Ceppaloni possa perdere interesse per il territorio che l&#8217;ha votato e che dovrebbe sostenere valorizzando le risorse locali. Il nostro magnifico ospedale, costruito dalle giunte di centrodestra comunale e regionale, \u00e8 una risorsa fondamentale che non pu\u00f2 e non deve essere svalutata o sminuita&#8221; prosegue la nota.<\/p>\n<p>Ci auguriamo che l&#8217;ordine del giorno riguardante l&#8217;ospedale di Albenga sia stato presentato dal Consigliere Gasco come iniziativa individuale, senza prima essere stato discusso con gli altri componenti del direttivo provinciale del partito. \u00c8 nostro auspicio, infatti, che essi prendano le distanze da questa scelta, che penalizza fortemente la pi\u00f9 grande citt\u00e0 della provincia di Savona governata dal centrodestra&#8221; conclude il Pdl albenganese.<\/p>\n","protected":false},"excerpt":{"rendered":"<p>Albenga. E&#8217; polemica il Pdl ingauno in merito all&#8217;odg bipartisan di Roberta Gasco e Stefano Quaini sull&#8217;ospedale di Albenga approvato in Consiglio regionale, con al centro il trasferimento di tutte le strutture da Albenga a Pietra Ligure, sede del reparto di maternit\u00e0. &#8220;Non pu\u00f2 che emergere la ferma disapprovazione nei riguardi delle scelte politiche recentemente [&hellip;]<\/p>\n","protected":false},"author":13744,"featured_media":0,"comment_status":"open","ping_status":"closed","sticky":false,"template":"","format":"standard","meta":{"footnotes":""},"categories":[],"tags":[17440,216],"class_list":["post-147656","post","type-post","status-publish","format-standard","hentry","tag-ospedale-di-albenga","tag-pdl","post_cat_citta-albenga","post_cat_citta-andora"],"amp_validity":null,"amp_enabled":true,"_links":{"self":[{"href":"https:\/\/staging.ivg.it\/ediapi\/wp\/v2\/posts\/147656","targetHints":{"allow":["GET"]}}],"collection":[{"href":"https:\/\/staging.ivg.it\/ediapi\/wp\/v2\/posts"}],"about":[{"href":"https:\/\/staging.ivg.it\/ediapi\/wp\/v2\/types\/post"}],"author":[{"embeddable":true,"href":"https:\/\/staging.ivg.it\/ediapi\/wp\/v2\/users\/13744"}],"replies":[{"embeddable":true,"href":"https:\/\/staging.ivg.it\/ediapi\/wp\/v2\/comments?post=147656"}],"version-history":[{"count":0,"href":"https:\/\/staging.ivg.it\/ediapi\/wp\/v2\/posts\/147656\/revisions"}],"wp:attachment":[{"href":"https:\/\/staging.ivg.it\/ediapi\/wp\/v2\/media?parent=147656"}],"wp:term":[{"taxonomy":"category","embeddable":true,"href":"https:\/\/staging.ivg.it\/ediapi\/wp\/v2\/categories?post=147656"},{"taxonomy":"post_tag","embeddable":true,"href":"https:\/\/staging.ivg.it\/ediapi\/wp\/v2\/tags?post=147656"}],"curies":[{"name":"wp","href":"https:\/\/api.w.org\/{rel}","templated":true}]}}