{"id":147644,"date":"2011-03-22T18:15:31","date_gmt":"2011-03-22T17:15:31","guid":{"rendered":"http:\/\/www.ivg.it\/?p=147644"},"modified":"2011-03-25T12:18:28","modified_gmt":"2011-03-25T11:18:28","slug":"nucleare-anci-bene-moratoria-coinvolgere-gli-enti-locali","status":"publish","type":"post","link":"https:\/\/staging.ivg.it\/2011\/03\/nucleare-anci-bene-moratoria-coinvolgere-gli-enti-locali\/","title":{"rendered":"Nucleare, Anci: \u201cBene moratoria, coinvolgere gli enti locali\u201d"},"content":{"rendered":"<p>&#8220;Apprendiamo con soddisfazione la decisione del Governo di varare una sorta di moratoria di un anno sull&#8217;avvio del nucleare in Italia&#8221;. Lo afferma Filippo Bernocchi, vicepresidente Anci, commentando le dichiarazioni del ministro Romani in Commissione Industria al Senato.<\/p>\n<p>Nell&#8217;esprimere &#8220;apprezzamento&#8221; per l&#8217;annuncio, Bernocchi sottolinea tuttavia &#8220;la necessit\u00e0 che le comunit\u00e0 locali siano costantemente coinvolte nella fase di riflessione e approfondimento che adesso si aprir\u00e0. Ad iniziare &#8211; conclude &#8211; dalle iniziative per la revisione del decreto 31 del 2010 sulla localizzazione dei nuovi impianti&#8221;.<\/p>\n","protected":false},"excerpt":{"rendered":"<p>&#8220;Apprendiamo con soddisfazione la decisione del Governo di varare una sorta di moratoria di un anno sull&#8217;avvio del nucleare in Italia&#8221;. Lo afferma Filippo Bernocchi, vicepresidente Anci, commentando le dichiarazioni del ministro Romani in Commissione Industria al Senato. Nell&#8217;esprimere &#8220;apprezzamento&#8221; per l&#8217;annuncio, Bernocchi sottolinea tuttavia &#8220;la necessit\u00e0 che le comunit\u00e0 locali siano costantemente coinvolte nella [&hellip;]<\/p>\n","protected":false},"author":4,"featured_media":0,"comment_status":"open","ping_status":"closed","sticky":false,"template":"","format":"standard","meta":{"footnotes":""},"categories":[],"tags":[1286],"class_list":["post-147644","post","type-post","status-publish","format-standard","hentry","tag-nucleare","post_cat_citta-andora"],"amp_validity":null,"amp_enabled":true,"_links":{"self":[{"href":"https:\/\/staging.ivg.it\/ediapi\/wp\/v2\/posts\/147644","targetHints":{"allow":["GET"]}}],"collection":[{"href":"https:\/\/staging.ivg.it\/ediapi\/wp\/v2\/posts"}],"about":[{"href":"https:\/\/staging.ivg.it\/ediapi\/wp\/v2\/types\/post"}],"author":[{"embeddable":true,"href":"https:\/\/staging.ivg.it\/ediapi\/wp\/v2\/users\/4"}],"replies":[{"embeddable":true,"href":"https:\/\/staging.ivg.it\/ediapi\/wp\/v2\/comments?post=147644"}],"version-history":[{"count":0,"href":"https:\/\/staging.ivg.it\/ediapi\/wp\/v2\/posts\/147644\/revisions"}],"wp:attachment":[{"href":"https:\/\/staging.ivg.it\/ediapi\/wp\/v2\/media?parent=147644"}],"wp:term":[{"taxonomy":"category","embeddable":true,"href":"https:\/\/staging.ivg.it\/ediapi\/wp\/v2\/categories?post=147644"},{"taxonomy":"post_tag","embeddable":true,"href":"https:\/\/staging.ivg.it\/ediapi\/wp\/v2\/tags?post=147644"}],"curies":[{"name":"wp","href":"https:\/\/api.w.org\/{rel}","templated":true}]}}