{"id":147633,"date":"2011-03-22T18:11:21","date_gmt":"2011-03-22T17:11:21","guid":{"rendered":"http:\/\/www.ivg.it\/?p=147633"},"modified":"2011-03-22T18:11:21","modified_gmt":"2011-03-22T17:11:21","slug":"alassio-torna-la-festa-degli-alberi-carrubo-e-olivo-piantati-dai-ragazzi","status":"publish","type":"post","link":"https:\/\/staging.ivg.it\/2011\/03\/alassio-torna-la-festa-degli-alberi-carrubo-e-olivo-piantati-dai-ragazzi\/","title":{"rendered":"Alassio, torna la &#8220;Festa degli Alberi&#8221;: carrubo e olivo piantati dai ragazzi"},"content":{"rendered":"<p><strong>Alassio.<\/strong> Domani, mercoled\u00ec 23 marzo, alle ore 20, in localit\u00e0 Costa Lupara avr\u00e0 luogo l&#8217;ormai tradizionale appuntamento con la &#8220;Festa degli Alberi&#8221;. La manifestazione, organizzata dagli Assessorato all&#8217;Ambiente e dall&#8217;Assessorato del Diritto allo studio, vedr\u00e0\u00a0 protagonisti i ragazzi delle scuole primarie di Alassio che, coadiuvati da alcuni studenti dell&#8217;istituto agrario &#8220;Aicardi&#8221;, metteranno a dimora alcuni alberi di carrubo e di olivo.<\/p>\n<p>La zona scelta per l&#8217;evento \u00e8 il sito di sgambamento Dog Park che sta diventando, dopo i numerosi interventi portati avanti dall&#8217;Ufficio Ambiente, in collaborazione con l&#8217;associazione culturale &#8220;La Luna&#8221;, un piccolo parco cittadino dotato di numerose attrative per gli amici a quattri zampe.<\/p>\n","protected":false},"excerpt":{"rendered":"<p>Alassio. Domani, mercoled\u00ec 23 marzo, alle ore 20, in localit\u00e0 Costa Lupara avr\u00e0 luogo l&#8217;ormai tradizionale appuntamento con la &#8220;Festa degli Alberi&#8221;. La manifestazione, organizzata dagli Assessorato all&#8217;Ambiente e dall&#8217;Assessorato del Diritto allo studio, vedr\u00e0\u00a0 protagonisti i ragazzi delle scuole primarie di Alassio che, coadiuvati da alcuni studenti dell&#8217;istituto agrario &#8220;Aicardi&#8221;, metteranno a dimora alcuni [&hellip;]<\/p>\n","protected":false},"author":13744,"featured_media":0,"comment_status":"open","ping_status":"closed","sticky":false,"template":"","format":"standard","meta":{"footnotes":""},"categories":[],"tags":[85824],"class_list":["post-147633","post","type-post","status-publish","format-standard","hentry","tag-alassio","post_cat_citta-alassio"],"amp_validity":null,"amp_enabled":true,"_links":{"self":[{"href":"https:\/\/staging.ivg.it\/ediapi\/wp\/v2\/posts\/147633","targetHints":{"allow":["GET"]}}],"collection":[{"href":"https:\/\/staging.ivg.it\/ediapi\/wp\/v2\/posts"}],"about":[{"href":"https:\/\/staging.ivg.it\/ediapi\/wp\/v2\/types\/post"}],"author":[{"embeddable":true,"href":"https:\/\/staging.ivg.it\/ediapi\/wp\/v2\/users\/13744"}],"replies":[{"embeddable":true,"href":"https:\/\/staging.ivg.it\/ediapi\/wp\/v2\/comments?post=147633"}],"version-history":[{"count":0,"href":"https:\/\/staging.ivg.it\/ediapi\/wp\/v2\/posts\/147633\/revisions"}],"wp:attachment":[{"href":"https:\/\/staging.ivg.it\/ediapi\/wp\/v2\/media?parent=147633"}],"wp:term":[{"taxonomy":"category","embeddable":true,"href":"https:\/\/staging.ivg.it\/ediapi\/wp\/v2\/categories?post=147633"},{"taxonomy":"post_tag","embeddable":true,"href":"https:\/\/staging.ivg.it\/ediapi\/wp\/v2\/tags?post=147633"}],"curies":[{"name":"wp","href":"https:\/\/api.w.org\/{rel}","templated":true}]}}