{"id":147161,"date":"2011-03-21T09:40:35","date_gmt":"2011-03-21T08:40:35","guid":{"rendered":"http:\/\/www.ivg.it\/?p=147161"},"modified":"2011-03-21T09:40:35","modified_gmt":"2011-03-21T08:40:35","slug":"ricordo-del-poeta-finalese-virgilio-fedi-finarin","status":"publish","type":"post","link":"https:\/\/staging.ivg.it\/2011\/03\/ricordo-del-poeta-finalese-virgilio-fedi-finarin\/","title":{"rendered":"Ricordo del Poeta finalese Virgilio Fedi &#8220;Finarin&#8221;"},"content":{"rendered":"<p><strong>Finale L.<\/strong> Una Sala Gallesio gremita ha ricordato il Poeta finalese Virgilio Fedi \u2013 detto \u201cFinarin\u201d &#8211;  in occasione del centenario della nascita. Poeta dialettale amatissimo dalla comunit\u00e0 finalese, ebbe una vita lunga e difficile. Rimase orfano a otto anni quando il padre cadde in un conflitto a fuoco durante le manifestazioni della \u201csettimana rossa\u201d a Genova.<\/p>\n<p>A tredici anni inizi\u00f2 a lavorare, ma &#8211;  con il consolidarsi del regime fascista \u2013 divenne per lui difficile mantenere un lavoro stabile, anzi perseguitato a causa del rifiuto a prendere la tessera del fascio. Trov\u00f2 allora lavoro dai pescatori, uomini semplici e poveri che avevano compreso il suo dramma. Questi lo accolsero e si prodigarono per insegnargli un mestiere duro ma formativo a contatto con la natura mutevole del mare.<\/p>\n<p>Nel 1935 fu richiamato alle armi e inviato in Africa orientale, dove rimase fino al &#8217;37. Rientrato in Italia, riprese l&#8217;attivit\u00e0 di pescatore, ma riusc\u00ec in seguito ad essere assunto alla R. Piaggio-Industria Aeronautica- quando ,per la difficolt\u00e0 del momento ,non si badava  pi\u00f9 alle ideologie. Iscritto al Partito Comunista clandestino, partecip\u00f2 attivamente  alla \u201cResistenza\u201d contro il nazi-fascismo,occupando posti di responsabilit\u00e0. Imprigionato e torturato, sopravvisse e, con la Liberazione, gli venne conferita la carica di Vice-Sindaco di Finale Ligure. Carica alla quale rinunci\u00f2 dopo qualche settimana, consapevole delle sue scarse capacit\u00e0 amministrative , ritenendo come persone pi\u00f9 idonee potessero meglio svolgere il mandato.<\/p>\n<p>Uomo schivo da notoriet\u00e0 a da riconoscimenti ufficiali, con il trascorrere degli anni inizi\u00f2 allora a scrivere in vernacolo finalese una lunga serie di poesie dettate dalle difficili esperienze di vita. Virgilio Fedi \u201cFinarin\u201d pu\u00f2 essere definito il vero e solo poeta dell&#8217;idioma finalese e come tale ricordato. Rimane di lui la figura dell&#8217;uomo integerrimo, sereno e amante della terra ligure. Le sue poesie vennero pubblicate per la prima volta nel 1987 con titolo \u201cI mugugni du nonnu\u201d. Seguirono diverse altre pubblicazioni che rimangono come un&#8217;importante testimonianza letteraria.<\/p>\n<p>Durante la commemorazione sono state lette da Luigi Alonzo, storico finalese (foto), alcune delle sue poesie pi\u00f9 significative. Al termine del commovente incontro la nipote Angela Fedi ha messo a disposizione del pubblico documenti originali e foto ricordo, custoditi gelosamente dalla famiglia.<\/p>\n","protected":false},"excerpt":{"rendered":"<p>Finale L. Una Sala Gallesio gremita ha ricordato il Poeta finalese Virgilio Fedi \u2013 detto \u201cFinarin\u201d &#8211; in occasione del centenario della nascita. Poeta dialettale amatissimo dalla comunit\u00e0 finalese, ebbe una vita lunga e difficile. Rimase orfano a otto anni quando il padre cadde in un conflitto a fuoco durante le manifestazioni della \u201csettimana rossa\u201d [&hellip;]<\/p>\n","protected":false},"author":13744,"featured_media":0,"comment_status":"open","ping_status":"closed","sticky":false,"template":"","format":"standard","meta":{"footnotes":""},"categories":[119],"tags":[],"class_list":["post-147161","post","type-post","status-publish","format-standard","hentry","category-fotonotizia"],"amp_validity":null,"amp_enabled":true,"_links":{"self":[{"href":"https:\/\/staging.ivg.it\/ediapi\/wp\/v2\/posts\/147161","targetHints":{"allow":["GET"]}}],"collection":[{"href":"https:\/\/staging.ivg.it\/ediapi\/wp\/v2\/posts"}],"about":[{"href":"https:\/\/staging.ivg.it\/ediapi\/wp\/v2\/types\/post"}],"author":[{"embeddable":true,"href":"https:\/\/staging.ivg.it\/ediapi\/wp\/v2\/users\/13744"}],"replies":[{"embeddable":true,"href":"https:\/\/staging.ivg.it\/ediapi\/wp\/v2\/comments?post=147161"}],"version-history":[{"count":0,"href":"https:\/\/staging.ivg.it\/ediapi\/wp\/v2\/posts\/147161\/revisions"}],"wp:attachment":[{"href":"https:\/\/staging.ivg.it\/ediapi\/wp\/v2\/media?parent=147161"}],"wp:term":[{"taxonomy":"category","embeddable":true,"href":"https:\/\/staging.ivg.it\/ediapi\/wp\/v2\/categories?post=147161"},{"taxonomy":"post_tag","embeddable":true,"href":"https:\/\/staging.ivg.it\/ediapi\/wp\/v2\/tags?post=147161"}],"curies":[{"name":"wp","href":"https:\/\/api.w.org\/{rel}","templated":true}]}}