{"id":146175,"date":"2011-03-16T11:49:04","date_gmt":"2011-03-16T10:49:04","guid":{"rendered":"http:\/\/www.ivg.it\/?p=146175"},"modified":"2011-03-16T11:49:04","modified_gmt":"2011-03-16T10:49:04","slug":"savona-unita-ditalia-e-festa-patronale-ecco-le-variazioni-dei-servizi-tpl","status":"publish","type":"post","link":"https:\/\/staging.ivg.it\/2011\/03\/savona-unita-ditalia-e-festa-patronale-ecco-le-variazioni-dei-servizi-tpl\/","title":{"rendered":"Savona, Unit\u00e0 d&#8217;Italia e festa patronale: ecco le variazioni dei servizi Tpl"},"content":{"rendered":"<p><strong>Savona<\/strong>. Tpl Linea informa l&#8217;utenza che domani, in occasione del 150\u00b0 Anniversario dell\u2019Unit\u00e0 d\u2019Italia, i servizi di trasporto pubblico saranno uguali a quelli domenicali. Inoltre, venerd\u00ec, in occasione della festa patronale di Savona e della Processione diretta a Santuario, il servizio da e per la localit\u00e0 sar\u00e0 potenziato.<\/p>\n<p>In aggiunta alle normali corse della linea Savona \u2013 Santuario, Tpl metter\u00e0 a disposizione altri 6 autobus urbani in partenza da Piazza del Popolo e la fascia oraria di utilizzo dei bus aggiuntivi andr\u00e0 dalle ore 8 alle ore 18,30. Gli orari di partenza delle singole corse saranno cadenzati a seconda del flusso dell\u2019utenza e dell\u2019orario di partenza della Processione.<\/p>\n<p>Il percorso di andata transiter\u00e0, effettuando le stesse fermate della linea, attraverso: P.zza del Popolo, P.zza Mameli, P.zza Saffi, Lavagnola, Santuario. Al ritorno, invece, passando per Santuario, Lavagnola, via Torino, P.zza Mameli, P.zza del Popolo; al fine di garantire un ottimale funzionamento del servizio, soprattutto in base agli orari di maggior affluenza, il personale di verifica e controllo Tpl sar\u00e0 a disposizione per la gestione diretta sul campo e le informazioni ai cittadini; per l\u2019occasione, gli utenti eventualmente sprovvisti di biglietto potranno acquistarlo dal personale di verifica Tpl prima di salire sugli autobus (solo per la linea Savona \u2013 Santuario) a prezzo non maggiorato.<\/p>\n<p>Per ulteriori informazioni sui servizi TPL \u00e8 possibile contattare il numero 800 012727 (attivo nei giorni feriali dal luned\u00ec al venerd\u00ec dalle ore 8.00 alle ore 17.00) e il sito internet all\u2019indirizzo www.tpllinea.it.<\/p>\n","protected":false},"excerpt":{"rendered":"<p>Savona. Tpl Linea informa l&#8217;utenza che domani, in occasione del 150\u00b0 Anniversario dell\u2019Unit\u00e0 d\u2019Italia, i servizi di trasporto pubblico saranno uguali a quelli domenicali. Inoltre, venerd\u00ec, in occasione della festa patronale di Savona e della Processione diretta a Santuario, il servizio da e per la localit\u00e0 sar\u00e0 potenziato. In aggiunta alle normali corse della linea [&hellip;]<\/p>\n","protected":false},"author":13744,"featured_media":0,"comment_status":"open","ping_status":"closed","sticky":false,"template":"","format":"standard","meta":{"footnotes":""},"categories":[56],"tags":[593,85850,6164,15194],"class_list":["post-146175","post","type-post","status-publish","format-standard","hentry","category-altre","tag-bus","tag-savona","tag-tpl","tag-unita-ditalia","post_cat_citta-savona"],"amp_validity":null,"amp_enabled":true,"_links":{"self":[{"href":"https:\/\/staging.ivg.it\/ediapi\/wp\/v2\/posts\/146175","targetHints":{"allow":["GET"]}}],"collection":[{"href":"https:\/\/staging.ivg.it\/ediapi\/wp\/v2\/posts"}],"about":[{"href":"https:\/\/staging.ivg.it\/ediapi\/wp\/v2\/types\/post"}],"author":[{"embeddable":true,"href":"https:\/\/staging.ivg.it\/ediapi\/wp\/v2\/users\/13744"}],"replies":[{"embeddable":true,"href":"https:\/\/staging.ivg.it\/ediapi\/wp\/v2\/comments?post=146175"}],"version-history":[{"count":0,"href":"https:\/\/staging.ivg.it\/ediapi\/wp\/v2\/posts\/146175\/revisions"}],"wp:attachment":[{"href":"https:\/\/staging.ivg.it\/ediapi\/wp\/v2\/media?parent=146175"}],"wp:term":[{"taxonomy":"category","embeddable":true,"href":"https:\/\/staging.ivg.it\/ediapi\/wp\/v2\/categories?post=146175"},{"taxonomy":"post_tag","embeddable":true,"href":"https:\/\/staging.ivg.it\/ediapi\/wp\/v2\/tags?post=146175"}],"curies":[{"name":"wp","href":"https:\/\/api.w.org\/{rel}","templated":true}]}}