{"id":146173,"date":"2011-03-16T11:53:16","date_gmt":"2011-03-16T10:53:16","guid":{"rendered":"http:\/\/www.ivg.it\/?p=146173"},"modified":"2011-03-16T13:09:16","modified_gmt":"2011-03-16T12:09:16","slug":"elezioni-tovo-s-giacomo-in-campo-la-lista-di-pierluigi-cesio","status":"publish","type":"post","link":"https:\/\/staging.ivg.it\/2011\/03\/elezioni-tovo-s-giacomo-in-campo-la-lista-di-pierluigi-cesio\/","title":{"rendered":"Elezioni Tovo S. Giacomo: in campo la lista di Pierluigi Cesio"},"content":{"rendered":"<p><strong>Tovo S. Giacomo<\/strong>. E&#8217; pronta la lista \u201cUniti per Tovo \u2013 Cesio Sindaco\u201d. &#8220;Usciamo in occasione dei festeggiamenti dell\u2019Unit\u00e0 di Italia proprio per simboleggiare la voglia di unire il nostro paese nello sforzo che dovremo affrontare nei prossimi anni di cambiamenti &#8211; spiegano i candidati &#8211; Fuori da logiche di schieramento l\u2019intenzione \u00e8 di coinvolgere tutti quei cittadini che vogliono bene a Tovo e che desiderano lavorare per migliorare i servizi e le infrastrutture di questa nostra cittadina&#8221;.<\/p>\n<p>&#8220;La casa comunale &#8211; aggiungono &#8211; sar\u00e0 il luogo di inclusione di tutte le istanze sociali e del mondo produttivo con particolare attenzione ai nostri vecchi ed ai nostri giovani. Esperienza e innovazione saranno al servizio del nostro paese per migliorare tutti insieme&#8221;.<\/p>\n<p>Il candidato a sindaco \u00e8 Pierluigi Cesio, attuale vicesindaco, mentre il gruppo di lavoro inizier\u00e0 una serie di attivit\u00e0 pubbliche per arrivare alla composizione della lista e del programma.<\/p>\n","protected":false},"excerpt":{"rendered":"<p>Tovo S. Giacomo. E&#8217; pronta la lista \u201cUniti per Tovo \u2013 Cesio Sindaco\u201d. &#8220;Usciamo in occasione dei festeggiamenti dell\u2019Unit\u00e0 di Italia proprio per simboleggiare la voglia di unire il nostro paese nello sforzo che dovremo affrontare nei prossimi anni di cambiamenti &#8211; spiegano i candidati &#8211; Fuori da logiche di schieramento l\u2019intenzione \u00e8 di coinvolgere [&hellip;]<\/p>\n","protected":false},"author":13744,"featured_media":0,"comment_status":"open","ping_status":"closed","sticky":false,"template":"","format":"standard","meta":{"footnotes":""},"categories":[31],"tags":[218,86096],"class_list":["post-146173","post","type-post","status-publish","format-standard","hentry","category-politica","tag-elezioni","tag-tovo-san-giacomo","post_cat_citta-tovo-san-giacomo"],"amp_validity":null,"amp_enabled":true,"_links":{"self":[{"href":"https:\/\/staging.ivg.it\/ediapi\/wp\/v2\/posts\/146173","targetHints":{"allow":["GET"]}}],"collection":[{"href":"https:\/\/staging.ivg.it\/ediapi\/wp\/v2\/posts"}],"about":[{"href":"https:\/\/staging.ivg.it\/ediapi\/wp\/v2\/types\/post"}],"author":[{"embeddable":true,"href":"https:\/\/staging.ivg.it\/ediapi\/wp\/v2\/users\/13744"}],"replies":[{"embeddable":true,"href":"https:\/\/staging.ivg.it\/ediapi\/wp\/v2\/comments?post=146173"}],"version-history":[{"count":0,"href":"https:\/\/staging.ivg.it\/ediapi\/wp\/v2\/posts\/146173\/revisions"}],"wp:attachment":[{"href":"https:\/\/staging.ivg.it\/ediapi\/wp\/v2\/media?parent=146173"}],"wp:term":[{"taxonomy":"category","embeddable":true,"href":"https:\/\/staging.ivg.it\/ediapi\/wp\/v2\/categories?post=146173"},{"taxonomy":"post_tag","embeddable":true,"href":"https:\/\/staging.ivg.it\/ediapi\/wp\/v2\/tags?post=146173"}],"curies":[{"name":"wp","href":"https:\/\/api.w.org\/{rel}","templated":true}]}}