{"id":146167,"date":"2011-03-16T11:31:54","date_gmt":"2011-03-16T10:31:54","guid":{"rendered":"http:\/\/www.ivg.it\/?p=146167"},"modified":"2011-03-16T15:02:36","modified_gmt":"2011-03-16T14:02:36","slug":"savona-il-21-marzo-dalle-9-alle-17-lo-sciopero-dei-lavoratori-tpl-possibili-disagi","status":"publish","type":"post","link":"https:\/\/staging.ivg.it\/2011\/03\/savona-il-21-marzo-dalle-9-alle-17-lo-sciopero-dei-lavoratori-tpl-possibili-disagi\/","title":{"rendered":"Savona, il 21 marzo dalle 9 alle 17 lo sciopero dei lavoratori Tpl: possibili disagi"},"content":{"rendered":"<p><strong>Savona<\/strong>. Luned\u00ec 21 marzo i lavoratori di Tpl incrocieranno ancora una volta le braccia. Le segreterie provinciali di Filt Cgil, Fit Cisl, Uiltrasporti, Faisa Cisal e Cub Trasporti hanno infatti indetto uno sciopero di 8 ore, dalle 9 alle 17. Tpl Linea informa che in quella fascia oraria l&#8217;azienda non potr\u00e0 garantire l&#8217;esecuzione del servizio di trasporto pubblico.<\/p>\n<p>Non si escludono, inoltre, lievi disagi immediatamente prima e dopo le ore di sciopero programmato. L&#8217;azienda si scusa con gli utenti per i possibili disservizi causati. Per ulteriori informazioni sui servizi TPL \u00e8 possibile contattare il numero 800 012727 (attivo nei giorni feriali dal luned\u00ec al venerd\u00ec dalle ore 8 alle ore 17) e il sito internet all\u2019indirizzo www.tpllinea.it.<\/p>\n","protected":false},"excerpt":{"rendered":"<p>Savona. Luned\u00ec 21 marzo i lavoratori di Tpl incrocieranno ancora una volta le braccia. Le segreterie provinciali di Filt Cgil, Fit Cisl, Uiltrasporti, Faisa Cisal e Cub Trasporti hanno infatti indetto uno sciopero di 8 ore, dalle 9 alle 17. Tpl Linea informa che in quella fascia oraria l&#8217;azienda non potr\u00e0 garantire l&#8217;esecuzione del servizio [&hellip;]<\/p>\n","protected":false},"author":13744,"featured_media":0,"comment_status":"open","ping_status":"closed","sticky":false,"template":"","format":"standard","meta":{"footnotes":""},"categories":[56,34],"tags":[593,85850,2152,6164],"class_list":["post-146167","post","type-post","status-publish","format-standard","hentry","category-altre","category-cronaca","tag-bus","tag-savona","tag-sciopero","tag-tpl","post_cat_citta-savona"],"amp_validity":null,"amp_enabled":true,"_links":{"self":[{"href":"https:\/\/staging.ivg.it\/ediapi\/wp\/v2\/posts\/146167","targetHints":{"allow":["GET"]}}],"collection":[{"href":"https:\/\/staging.ivg.it\/ediapi\/wp\/v2\/posts"}],"about":[{"href":"https:\/\/staging.ivg.it\/ediapi\/wp\/v2\/types\/post"}],"author":[{"embeddable":true,"href":"https:\/\/staging.ivg.it\/ediapi\/wp\/v2\/users\/13744"}],"replies":[{"embeddable":true,"href":"https:\/\/staging.ivg.it\/ediapi\/wp\/v2\/comments?post=146167"}],"version-history":[{"count":0,"href":"https:\/\/staging.ivg.it\/ediapi\/wp\/v2\/posts\/146167\/revisions"}],"wp:attachment":[{"href":"https:\/\/staging.ivg.it\/ediapi\/wp\/v2\/media?parent=146167"}],"wp:term":[{"taxonomy":"category","embeddable":true,"href":"https:\/\/staging.ivg.it\/ediapi\/wp\/v2\/categories?post=146167"},{"taxonomy":"post_tag","embeddable":true,"href":"https:\/\/staging.ivg.it\/ediapi\/wp\/v2\/tags?post=146167"}],"curies":[{"name":"wp","href":"https:\/\/api.w.org\/{rel}","templated":true}]}}