{"id":146142,"date":"2011-03-16T10:38:29","date_gmt":"2011-03-16T09:38:29","guid":{"rendered":"http:\/\/www.ivg.it\/?p=146142"},"modified":"2011-03-16T10:38:29","modified_gmt":"2011-03-16T09:38:29","slug":"tirreno-power-la-federazione-della-sinistra-critica-con-la-regione","status":"publish","type":"post","link":"https:\/\/staging.ivg.it\/2011\/03\/tirreno-power-la-federazione-della-sinistra-critica-con-la-regione\/","title":{"rendered":"Tirreno Power, la Federazione della Sinistra critica con la Regione"},"content":{"rendered":"<p><strong>Savona<\/strong>. &#8220;La decisione assunta dalla Giunta regionale nella seduta di ieri, oltre a riguardare il caso specifico di Vado Ligure e Quiliano, riguarda pi\u00f9 in generale la politica energetica nel nostro paese e nella nostra regione. Con il nucleare che proprio in queste ore mostra tutta la sua &#8216;insicurezza&#8217; e la sua pericolosit\u00e0, rimangono due strade: o si rimane ancorati ai combustibili fossili e al carbone in modo particolare, pi\u00f9 inquinante ma pi\u00f9 economico nelle logiche del mercato, o si punta sulle energie rinnovabili&#8221;. Cos\u00ec la Federazione della Sinistra di Savona commenta l&#8217;esito della conferenza dei servizi sull&#8217;ampliamento di Tirreno Power di ieri.<\/p>\n<p>&#8220;La Regione Liguria ha aperto alla prima strada contraddicendo il lavoro fatto negli ultimi anni, e negando validit\u00e0 anche all&#8217;ipotesi &#8211; gi\u00e0 espressa da tempo e in modo largamente condiviso &#8211; per la sostituzione del carbone con il metano. Ha deciso, infatti, di rilasciare l&#8217;intesa per l&#8217;ampliamento della centrale Tirreno Power di Vado Ligure e Quiliano, rinunciando di fatto ad una programmazione energetica e assecondando le richieste dei privati. Questi elementi gi\u00e0 di per se negativi sono aggravati dal fatto che i vecchi gruppi a carbone verranno demoliti solo all&#8217;entrata in esercizio del nuovo gruppo e che, comunque, potranno essere sostituiti un una nuova unit\u00e0 dal 460 MW&#8221;.<\/p>\n<p>&#8220;La Federazione della Sinistra, la forza che unisce Rifondazione Comunista, Comunisti Italiani, Socialismo 2000, Lavoro e Solidariet\u00e0, ha inceve scelto e continuer\u00e0 a scegliere la seconda strada e continuer\u00e0 a contrastare in ogni sede, con tutte le forze e con tutti i mezzi ogni ipotesi di ampliamento&#8221; si conslude la nota.<\/p>\n","protected":false},"excerpt":{"rendered":"<p>Savona. &#8220;La decisione assunta dalla Giunta regionale nella seduta di ieri, oltre a riguardare il caso specifico di Vado Ligure e Quiliano, riguarda pi\u00f9 in generale la politica energetica nel nostro paese e nella nostra regione. Con il nucleare che proprio in queste ore mostra tutta la sua &#8216;insicurezza&#8217; e la sua pericolosit\u00e0, rimangono due [&hellip;]<\/p>\n","protected":false},"author":13744,"featured_media":0,"comment_status":"open","ping_status":"closed","sticky":false,"template":"","format":"standard","meta":{"footnotes":""},"categories":[34,31],"tags":[15710,85850,3931,85979],"class_list":["post-146142","post","type-post","status-publish","format-standard","hentry","category-cronaca","category-politica","tag-federazione-della-sinistra","tag-savona","tag-tirreno-power","tag-vado-ligure","post_cat_citta-savona","post_cat_citta-vado-ligure"],"amp_validity":null,"amp_enabled":true,"_links":{"self":[{"href":"https:\/\/staging.ivg.it\/ediapi\/wp\/v2\/posts\/146142","targetHints":{"allow":["GET"]}}],"collection":[{"href":"https:\/\/staging.ivg.it\/ediapi\/wp\/v2\/posts"}],"about":[{"href":"https:\/\/staging.ivg.it\/ediapi\/wp\/v2\/types\/post"}],"author":[{"embeddable":true,"href":"https:\/\/staging.ivg.it\/ediapi\/wp\/v2\/users\/13744"}],"replies":[{"embeddable":true,"href":"https:\/\/staging.ivg.it\/ediapi\/wp\/v2\/comments?post=146142"}],"version-history":[{"count":0,"href":"https:\/\/staging.ivg.it\/ediapi\/wp\/v2\/posts\/146142\/revisions"}],"wp:attachment":[{"href":"https:\/\/staging.ivg.it\/ediapi\/wp\/v2\/media?parent=146142"}],"wp:term":[{"taxonomy":"category","embeddable":true,"href":"https:\/\/staging.ivg.it\/ediapi\/wp\/v2\/categories?post=146142"},{"taxonomy":"post_tag","embeddable":true,"href":"https:\/\/staging.ivg.it\/ediapi\/wp\/v2\/tags?post=146142"}],"curies":[{"name":"wp","href":"https:\/\/api.w.org\/{rel}","templated":true}]}}