{"id":145562,"date":"2011-03-14T12:49:37","date_gmt":"2011-03-14T11:49:37","guid":{"rendered":"http:\/\/www.ivg.it\/?p=145562"},"modified":"2011-03-14T16:34:47","modified_gmt":"2011-03-14T15:34:47","slug":"tirreno-power-il-consigliere-garibaldi-pdl-una-delibera-che-unisca-ambiente-e-sviluppo","status":"publish","type":"post","link":"https:\/\/staging.ivg.it\/2011\/03\/tirreno-power-il-consigliere-garibaldi-pdl-una-delibera-che-unisca-ambiente-e-sviluppo\/","title":{"rendered":"Tirreno Power, il consigliere Garibaldi (Pdl): \u201cUna delibera che unisca ambiente e sviluppo\u201d"},"content":{"rendered":"<p><strong>Vado Ligure.<\/strong> In vista della giunta regionale straordinaria di oggi convocata per il progetto di potenziamento di Tirreno Power a Vado Ligure il coinsigliere regionale del Pdl, Gino Garibaldi, interviene sulla delibera che dovr\u00e0 assumere la Regione Liguria da portare al tavolo della conferenza dei servizi, in programma domani a Roma: &#8220;Bisogna fare presto e trovare una soluzione adeguata alla questione, l&#8217;ente regionale deve dare una risposta chiara e definitiva, i lavoratori ed il territorio aspettano da troppo tempo&#8230;&#8221;.<\/p>\n<p>&#8220;Naturalmente, la posizione del Pdl regionale non \u00e8 immune alle considerazioni di carettere ambientale per la comunit\u00e0 vadese ed il comprensorio, serve una &#8216;protezione ambientale&#8217; che dovr\u00e0 coniugarsi con il bisogno di occupazione e nuova linfa al sistema economico che il progetto porter\u00e0 non solo per il Savonese. Da un punto di vista tecnico e progettuale ci sono le condizioni per percorrere questa via e mi auguro che sia la strada che vorr\u00e0 intraprendere anche la giunta Burlando&#8221;. Ad attendere il via libera all&#8217;ampliamento c&#8217;\u00e8 anche Ansaldo Energia: &#8220;E&#8217; una operazione che avr\u00e0 ricadute su tutta la Liguria, un investimento significativo e di grande portata che porter\u00e0 lavoro per molte aziende locali&#8221; ha concluso il consigliere Garibaldi.<\/p>\n","protected":false},"excerpt":{"rendered":"<p>Vado Ligure. In vista della giunta regionale straordinaria di oggi convocata per il progetto di potenziamento di Tirreno Power a Vado Ligure il coinsigliere regionale del Pdl, Gino Garibaldi, interviene sulla delibera che dovr\u00e0 assumere la Regione Liguria da portare al tavolo della conferenza dei servizi, in programma domani a Roma: &#8220;Bisogna fare presto e [&hellip;]<\/p>\n","protected":false},"author":13744,"featured_media":0,"comment_status":"open","ping_status":"closed","sticky":false,"template":"","format":"standard","meta":{"footnotes":""},"categories":[35,31],"tags":[6335,216,85979],"class_list":["post-145562","post","type-post","status-publish","format-standard","hentry","category-economia","category-politica","tag-gino-garibaldi","tag-pdl","tag-vado-ligure","post_cat_citta-andora","post_cat_citta-vado-ligure"],"amp_validity":null,"amp_enabled":true,"_links":{"self":[{"href":"https:\/\/staging.ivg.it\/ediapi\/wp\/v2\/posts\/145562","targetHints":{"allow":["GET"]}}],"collection":[{"href":"https:\/\/staging.ivg.it\/ediapi\/wp\/v2\/posts"}],"about":[{"href":"https:\/\/staging.ivg.it\/ediapi\/wp\/v2\/types\/post"}],"author":[{"embeddable":true,"href":"https:\/\/staging.ivg.it\/ediapi\/wp\/v2\/users\/13744"}],"replies":[{"embeddable":true,"href":"https:\/\/staging.ivg.it\/ediapi\/wp\/v2\/comments?post=145562"}],"version-history":[{"count":0,"href":"https:\/\/staging.ivg.it\/ediapi\/wp\/v2\/posts\/145562\/revisions"}],"wp:attachment":[{"href":"https:\/\/staging.ivg.it\/ediapi\/wp\/v2\/media?parent=145562"}],"wp:term":[{"taxonomy":"category","embeddable":true,"href":"https:\/\/staging.ivg.it\/ediapi\/wp\/v2\/categories?post=145562"},{"taxonomy":"post_tag","embeddable":true,"href":"https:\/\/staging.ivg.it\/ediapi\/wp\/v2\/tags?post=145562"}],"curies":[{"name":"wp","href":"https:\/\/api.w.org\/{rel}","templated":true}]}}