{"id":145558,"date":"2011-03-14T12:53:01","date_gmt":"2011-03-14T11:53:01","guid":{"rendered":"http:\/\/www.ivg.it\/?p=145558"},"modified":"2011-03-14T15:35:35","modified_gmt":"2011-03-14T14:35:35","slug":"savona-incontro-dedicato-alle-donne-riprendiamoci-la-scena","status":"publish","type":"post","link":"https:\/\/staging.ivg.it\/2011\/03\/savona-incontro-dedicato-alle-donne-riprendiamoci-la-scena\/","title":{"rendered":"Savona, incontro dedicato alle donne: \u201cRiprendiamoci la scena\u201d"},"content":{"rendered":"<p><strong>Savona. <\/strong>Domani, marted\u00ec 15 marzo, alle ore 17, presso la Sala Conferenze della Pinacoteca Civica di Savona si terr\u00e0 l&#8217;incontro &#8220;Riprendiamoci la scena&#8221;, iniziativa promossa dall&#8217;Assessorato alle Politiche Sociali della Regione Liguria e dall&#8217;Assessorato alla Promozione Sociale del Comune di Savona con il coordinamento della Consigliera delle Pari Opportunit\u00e0 della Regione Liguria Valeria Maione e di UDI Unione Donne in Italia.<\/p>\n<p>&#8220;Riprendiamoci la scena \u00e8 un momento di riflessione, \u00e8 l\u2019invito alle donne a recuperare la centralit\u00e0 del loro ruolo per le loro capacit\u00e0 e competenze nella vita sociale e professionale &#8211; spiega l&#8217;assessore regionale Lorena Rambaudi &#8211; Per proseguire il percorso intrapreso dalle nostre donne della Costituente per l\u2019affermazione dei diritti ed il raggiungimento di reali pari opportunit\u00e0&#8221;.<\/p>\n<p>La Consigliera Regionale Valeria Maione spiega il significato dell&#8217;incontro: &#8220;La scena che vogliamo riprenderci \u00e8 quella di donne come portatrici di valori e progetti fondamentali nella costruzione della famiglia, nella cura dei figli ma anche come consumatrici, le pi\u00f9 importanti nel mercato perch\u00e8 sono coloro che si assumomo il ruolo pi\u00f9 forte in seno alla famiglia nella scelta dell&#8217;acquisto dei prodotti. La scena che vogliamo riprenderci \u00e8 anche quella legata al ritrovare il giusto equilibrio della figura femminile nella rappresentazione fatta dai media e dalla pubblicit\u00e0: occorre dire basta all&#8217;abuso del corpo femminile, alla sua sovraesposizione&#8221;.<\/p>\n<p>E proprio su questo tema ricordiamo che, sempre nella giornata di Marted\u00ec 15 Marzo, a Savona nella seduta del Consiglio Comunale la Consigliera Comunale di Parit\u00e0 Lia Minetti e l&#8217;Assessore comunale Isabella Sorgini presenteranno al Consiglio un Ordine del Giorno avente per oggetto &#8220;Comuni liberi dalla pubblicit\u00e0 che offende le donne dagli stereotipi femminili&#8221;, con cui si chiede al Consiglio di: svolgere azioni di sensibilizzazione dell&#8217;attuazione della Risoluzione Comunitaria 2038 del 3.10.08 del Parlamento Europeo in merito all&#8217;impatto del marketing della pubblicit\u00e0 sulla parit\u00e0 tra donne e uomini, che indica come inammissibile il modello pubblicitario lesivo verso il genere femminile; affidare all&#8217;Assessorato alle Pari Opportunit\u00e0, di concerto con gli Assessorati competenti (Cultura, Istruzione), la costituzione di un gruppo di sensibilizzazione e monitoraggio della pubblicit\u00e0 e delle immagini commerciali a tutela della dignit\u00e0 femminile.<\/p>\n","protected":false},"excerpt":{"rendered":"<p>Savona. Domani, marted\u00ec 15 marzo, alle ore 17, presso la Sala Conferenze della Pinacoteca Civica di Savona si terr\u00e0 l&#8217;incontro &#8220;Riprendiamoci la scena&#8221;, iniziativa promossa dall&#8217;Assessorato alle Politiche Sociali della Regione Liguria e dall&#8217;Assessorato alla Promozione Sociale del Comune di Savona con il coordinamento della Consigliera delle Pari Opportunit\u00e0 della Regione Liguria Valeria Maione e [&hellip;]<\/p>\n","protected":false},"author":13744,"featured_media":0,"comment_status":"open","ping_status":"closed","sticky":false,"template":"","format":"standard","meta":{"footnotes":""},"categories":[],"tags":[506,85850],"class_list":["post-145558","post","type-post","status-publish","format-standard","hentry","tag-donne","tag-savona","post_cat_citta-savona"],"amp_validity":null,"amp_enabled":true,"_links":{"self":[{"href":"https:\/\/staging.ivg.it\/ediapi\/wp\/v2\/posts\/145558","targetHints":{"allow":["GET"]}}],"collection":[{"href":"https:\/\/staging.ivg.it\/ediapi\/wp\/v2\/posts"}],"about":[{"href":"https:\/\/staging.ivg.it\/ediapi\/wp\/v2\/types\/post"}],"author":[{"embeddable":true,"href":"https:\/\/staging.ivg.it\/ediapi\/wp\/v2\/users\/13744"}],"replies":[{"embeddable":true,"href":"https:\/\/staging.ivg.it\/ediapi\/wp\/v2\/comments?post=145558"}],"version-history":[{"count":0,"href":"https:\/\/staging.ivg.it\/ediapi\/wp\/v2\/posts\/145558\/revisions"}],"wp:attachment":[{"href":"https:\/\/staging.ivg.it\/ediapi\/wp\/v2\/media?parent=145558"}],"wp:term":[{"taxonomy":"category","embeddable":true,"href":"https:\/\/staging.ivg.it\/ediapi\/wp\/v2\/categories?post=145558"},{"taxonomy":"post_tag","embeddable":true,"href":"https:\/\/staging.ivg.it\/ediapi\/wp\/v2\/tags?post=145558"}],"curies":[{"name":"wp","href":"https:\/\/api.w.org\/{rel}","templated":true}]}}