{"id":144567,"date":"2011-03-09T19:21:51","date_gmt":"2011-03-09T18:21:51","guid":{"rendered":"http:\/\/www.ivg.it\/?p=144567"},"modified":"2011-03-10T11:34:20","modified_gmt":"2011-03-10T10:34:20","slug":"regione-piemonte-piano-strategico-e-cabina-di-regia-per-le-aree-acna","status":"publish","type":"post","link":"https:\/\/staging.ivg.it\/2011\/03\/regione-piemonte-piano-strategico-e-cabina-di-regia-per-le-aree-acna\/","title":{"rendered":"Regione Piemonte: piano strategico e cabina di regia per le aree Acna"},"content":{"rendered":"<p><strong>Cengio.<\/strong> La riqualificazione dell&#8217;ex stabilimento dell&#8217;Acna di Cengio sar\u00e0 al centro della cabina di regia istituita presso la Regione Piemonte che studier\u00e0 un piano strategico per valorizzare la Valle Bormida. E&#8217; quanto \u00e8 emerso al termine dell&#8217;incontro di oggi tra l&#8217;assessore all&#8217;Ambiente Roberto Ravello, l&#8217;assessore agli Enti locali, Elena Maccanti, il presidente di Finpiemonte Massimo Feira alcuni rappresentanti dei comuni ricompresi nella Comunit\u00e0 montana Alta Langa e nella provincia di Cuneo.<\/p>\n<p>L&#8217;incontro, che si \u00e8 svolto nella sala Giunta del palazzo regionale di piazza Castello, a Torino, \u00e8 stato richiesto dagli amministratori locali per fare il punto sulle reali possibilit\u00e0 di recupero e sviluppo dell&#8217;intera area piemontese al confine con la provincia di Savona, da decenni oggetto delle operazioni di bonifica dell&#8217;ex stabilimento Acna, oggi propriet\u00e0 Enichem.<\/p>\n<p>&#8220;Saremmo poco responsabili &#8211; premette l&#8217;assessore all&#8217;Ambiente Roberto Ravello &#8211; se non precisassimo che, parallelamente agli esiti della partita che riguarda il riconoscimento del danno ambientale e che vede direttamente coinvolti Ministero dell&#8217;ambiente e Syndial SpA (ex Acna), \u00e8 necessario pensare anche ad un percorso che, a breve termine, miri a riqualificare in modo strategico l&#8217;intera area&#8221;.<\/p>\n<p>&#8220;Nell&#8217;incontro di oggi &#8211; ha dichiarato l&#8217;assessore agli Affari Istituzionali ed Enti locali Elena Maccanti &#8211; \u00e8 stato siglato l&#8217;inizio di un importante percorso di collaborazione che, attraverso il sostegno tecnico di Finpiemonte s.pa., consentir\u00e0 agli enti locali della Valle Bormida di dare vita a progetti concreti di rilancio del territorio. Abbiamo dato un preciso segnale della volont\u00e0 della Regione Piemonte di collaborare per trovare, attraverso una cabina di regia operativa in tempi brevi, le strade pi\u00f9 idonee al rilancio socio-economico di territorio, da anni profondamente segnato dalle conseguenze delle note vicende ambientali&#8221;.<\/p>\n","protected":false},"excerpt":{"rendered":"<p>Cengio. La riqualificazione dell&#8217;ex stabilimento dell&#8217;Acna di Cengio sar\u00e0 al centro della cabina di regia istituita presso la Regione Piemonte che studier\u00e0 un piano strategico per valorizzare la Valle Bormida. E&#8217; quanto \u00e8 emerso al termine dell&#8217;incontro di oggi tra l&#8217;assessore all&#8217;Ambiente Roberto Ravello, l&#8217;assessore agli Enti locali, Elena Maccanti, il presidente di Finpiemonte Massimo [&hellip;]<\/p>\n","protected":false},"author":13744,"featured_media":0,"comment_status":"open","ping_status":"closed","sticky":false,"template":"","format":"standard","meta":{"footnotes":""},"categories":[35],"tags":[2934,85897,1749],"class_list":["post-144567","post","type-post","status-publish","format-standard","hentry","category-economia","tag-acna","tag-cengio","tag-piemonte","post_cat_citta-andora","post_cat_citta-cengio"],"amp_validity":null,"amp_enabled":true,"_links":{"self":[{"href":"https:\/\/staging.ivg.it\/ediapi\/wp\/v2\/posts\/144567","targetHints":{"allow":["GET"]}}],"collection":[{"href":"https:\/\/staging.ivg.it\/ediapi\/wp\/v2\/posts"}],"about":[{"href":"https:\/\/staging.ivg.it\/ediapi\/wp\/v2\/types\/post"}],"author":[{"embeddable":true,"href":"https:\/\/staging.ivg.it\/ediapi\/wp\/v2\/users\/13744"}],"replies":[{"embeddable":true,"href":"https:\/\/staging.ivg.it\/ediapi\/wp\/v2\/comments?post=144567"}],"version-history":[{"count":0,"href":"https:\/\/staging.ivg.it\/ediapi\/wp\/v2\/posts\/144567\/revisions"}],"wp:attachment":[{"href":"https:\/\/staging.ivg.it\/ediapi\/wp\/v2\/media?parent=144567"}],"wp:term":[{"taxonomy":"category","embeddable":true,"href":"https:\/\/staging.ivg.it\/ediapi\/wp\/v2\/categories?post=144567"},{"taxonomy":"post_tag","embeddable":true,"href":"https:\/\/staging.ivg.it\/ediapi\/wp\/v2\/tags?post=144567"}],"curies":[{"name":"wp","href":"https:\/\/api.w.org\/{rel}","templated":true}]}}