{"id":144529,"date":"2011-03-09T18:54:20","date_gmt":"2011-03-09T17:54:20","guid":{"rendered":"http:\/\/www.ivg.it\/?p=144529"},"modified":"2011-03-09T19:12:10","modified_gmt":"2011-03-09T18:12:10","slug":"vini-associazione-vite-in-riviera-lancia-bando-per-nuovo-logo","status":"publish","type":"post","link":"https:\/\/staging.ivg.it\/2011\/03\/vini-associazione-vite-in-riviera-lancia-bando-per-nuovo-logo\/","title":{"rendered":"Vini, associazione \u201cVite in Riviera\u201d lancia bando per nuovo logo"},"content":{"rendered":"<p><strong>Ponente.<\/strong> L&#8217;associazione &#8220;Vite in Riviera&#8221; &#8211; associazione delle Genti del vino della Liguria occidentale &#8211; nata il 10 febbraio del 2010, ha deciso di lanciare un appalto per la realizzazione del proprio logo.<\/p>\n<p>Il logo dovr\u00e0 rappresentare lo spirito dell\u2019associazione negli elementi che ne compongono il nome: la vite; le vite, cio\u00e8 la presenza umana sul territorio, prendendo spunto da personaggi, attivit\u00e0 o situazioni rappresentative del territorio, spaziando dall\u2019arte alla cultura, alla scienza, all\u2019architettura, alle attivit\u00e0 produttiva o altro; la riviera, quindi il territorio: sole e\/o mare e\/o collina.<\/p>\n<p>Il bando di appalto verr\u00e0 inviato agli studi grafici della regione e verr\u00e0 esteso anche alle scuole superiori ed universitarie ad indirizzo artistico. Il compenso previsto per il logo che verr\u00e0 scelto sar\u00e0 di 500 euro. I loghi dovranno essere inviati via mail all\u2019indirizzo viteinriviera@gmail.com entro il 28 aprile, e saranno poi giudicati dal Consiglio Direttivo dell&#8217;associazione.<\/p>\n<p>L&#8217;associazione \u00e8 nata con lo scopo di valorizzare e la promuovere i vini e i prodotti tipici del Ponente Ligure, attraverso l&#8217;organizzazione e la partecipazione ad eventi culturali, sportivi, di intrattenimento o commerciali di alto profilo e quanto sia finalizzato a valorizzare l&#8217;immagine del Territorio del Ponente Ligure e dei suoi prodotti. Un&#8217;associazione aperta alle molteplici realt\u00e0 che sono fiorite in questi anni nelle Province di Imperia e Savona nel settore agroalimentare che con amore e tenacia producono i veri tesori della nostra terra.<\/p>\n","protected":false},"excerpt":{"rendered":"<p>Ponente. L&#8217;associazione &#8220;Vite in Riviera&#8221; &#8211; associazione delle Genti del vino della Liguria occidentale &#8211; nata il 10 febbraio del 2010, ha deciso di lanciare un appalto per la realizzazione del proprio logo. Il logo dovr\u00e0 rappresentare lo spirito dell\u2019associazione negli elementi che ne compongono il nome: la vite; le vite, cio\u00e8 la presenza umana [&hellip;]<\/p>\n","protected":false},"author":13744,"featured_media":0,"comment_status":"open","ping_status":"closed","sticky":false,"template":"","format":"standard","meta":{"footnotes":""},"categories":[35],"tags":[2956,407],"class_list":["post-144529","post","type-post","status-publish","format-standard","hentry","category-economia","tag-associazione","tag-aziende-vitivinicole","post_cat_citta-andora"],"amp_validity":null,"amp_enabled":true,"_links":{"self":[{"href":"https:\/\/staging.ivg.it\/ediapi\/wp\/v2\/posts\/144529","targetHints":{"allow":["GET"]}}],"collection":[{"href":"https:\/\/staging.ivg.it\/ediapi\/wp\/v2\/posts"}],"about":[{"href":"https:\/\/staging.ivg.it\/ediapi\/wp\/v2\/types\/post"}],"author":[{"embeddable":true,"href":"https:\/\/staging.ivg.it\/ediapi\/wp\/v2\/users\/13744"}],"replies":[{"embeddable":true,"href":"https:\/\/staging.ivg.it\/ediapi\/wp\/v2\/comments?post=144529"}],"version-history":[{"count":0,"href":"https:\/\/staging.ivg.it\/ediapi\/wp\/v2\/posts\/144529\/revisions"}],"wp:attachment":[{"href":"https:\/\/staging.ivg.it\/ediapi\/wp\/v2\/media?parent=144529"}],"wp:term":[{"taxonomy":"category","embeddable":true,"href":"https:\/\/staging.ivg.it\/ediapi\/wp\/v2\/categories?post=144529"},{"taxonomy":"post_tag","embeddable":true,"href":"https:\/\/staging.ivg.it\/ediapi\/wp\/v2\/tags?post=144529"}],"curies":[{"name":"wp","href":"https:\/\/api.w.org\/{rel}","templated":true}]}}