{"id":143443,"date":"2011-03-05T10:30:39","date_gmt":"2011-03-05T09:30:39","guid":{"rendered":"http:\/\/www.ivg.it\/?p=143443"},"modified":"2011-03-05T13:19:24","modified_gmt":"2011-03-05T12:19:24","slug":"finale-tutte-le-novita-del-salone-dell%e2%80%99agroalimentare-ligure","status":"publish","type":"post","link":"https:\/\/staging.ivg.it\/2011\/03\/finale-tutte-le-novita-del-salone-dell%e2%80%99agroalimentare-ligure\/","title":{"rendered":"Finale: tutte le novit\u00e0 del Salone dell\u2019Agroalimentare ligure"},"content":{"rendered":"<p><strong>Finale Ligure.<\/strong> L&#8217;incontro tra la domanda e l&#8217;offerta di prodotti tipici liguri sar\u00e0 al centro del Workshop &#8220;B2B&#8221; (business to business), che si terr\u00e0 la mattina dell&#8217;11 marzo, dalle 10 alle 12,45, nel Complesso Monumentale di Santa Caterina a Finalborgo. Con quest&#8217;iniziativa il Salone amplia la sua durata, anticipando l&#8217;apertura ai soli operatori professionali il mattino dell&#8217;11 marzo (l&#8217;ingresso al pubblico sar\u00e0 consentito dalle ore 15) e potenziando i servizi commerciali rivolti alle aziende.<\/p>\n<p>Un campione di espositori che parteciperanno alla rassegna incontreranno nella Saletta workshop ristoratori, albergatori, commercianti, ditte di catering, grossisti e responsabili di supermercati e ipermercati interessati ad acquistare i loro prodotti.<\/p>\n<p>Le aziende che ogni anno prendono parte al Salone sono accuratamente selezionate ed operano tutte nella produzione e nella commercializzazione di prodotti agroalimentari esclusivamente liguri e caratterizzati da un alto livello qualitativo. Una formula, quella del &#8220;Made in Liguria&#8221;, che fa della rassegna finalese un appuntamento fra i pi\u00f9 attesi della Riviera, capace di attrarre anche visitatori provenienti da altre regioni, oltre che dalla Francia e dalla Svizzera (negli ultimi anni \u00e8 costantemente cresciuto il numero di coloro che sono partiti appositamente da queste due nazioni per raggiungere Finale in occasione della manifestazione).<\/p>\n<p>\u00a0\u201cMi preme sottolineare quanto questo evento, che la Camera di Commercio ha fortemente voluto a Finalborgo, sia focalizzato sulla dimensione qualitativa dei prodotti e quindi orientato ad accrescere la cultura del cibo, intesa come momento di scoperta, confronto e conoscenza, ma anche come invito ad un consumo responsabile, genuino e salutare\u201d ha detto il presidente della Camera di Commercio di Savona, Luciano Pasquale.<\/p>\n<p>\u00a0\u201cLa Provincia di Savona \u00e8 attivamente impegnata nella valorizzazione del proprio territorio e delle sue produzioni agroalimentari tipiche, obbiettivo di grande interesse economico, turistico, culturale e sociale, da svilupparsi attraverso una sinergica collaborazione fra gli Enti pubblici territoriali, le aziende produttrici e la cittadinanza. Fin dal 2006 il Salone dell&#8217;Agroalimentare Ligure si \u00e8 affermato quale evento di eccellenza per la nostra provincia e per la promozione turistica di questo importantissimo e peculiare aspetto della nostro territorio, unico per la sua variegata e complessa geografia e cultura\u201d afferma il presidente della Provincia di Savona Angelo Vaccarezza.<\/p>\n<p>\u201cSiamo lieti di ospitare ancora una volta il Salone dell&#8217;Agroalimentare Ligure, evento che qualifica l&#8217;offerta turistica\u00a0 della nostra citt\u00e0 e che riscuote sempre l&#8217;interesse di un vasto pubblico.\u00a0 La settima edizione della manifestazione sar\u00e0 anche l&#8217;occasione per scoprire ed apprezzare le bellezze di Finalborgo, vero gioiello della nostra citt\u00e0, entrato a far parte del Club dei Borghi pi\u00f9 belli d&#8217;Italia\u201d afferma il sindaco di Finale Ligure, Flaminio Richeri.<\/p>\n<p>Il Salone \u00e8 suddiviso in aree tematiche, ciascuna dedicata ad una diversa tipologia di prodotto. Subito dopo l&#8217;infopoint, primo punto di accoglienza dei visitatori, si apre il Carrugio del Pesto, che riunisce i produttori della celebre salsa ligure. Seguono il Largo dell&#8217;olio, spazio dedicato all&#8217;extravergine delle quattro province, la Cantinetta, con i grandi vini liguri, i liquori e le birre, il Largo del Dolce, con vere e proprie &#8220;chicche&#8221; della produzione dolciaria regionale, il Largo degli Orti, con frutta, verdura e piante da frutto distribuite all&#8217;interno del giardino botanico di Santa Caterina, e la Via dei Sapori, caratterizzata dalla presenza di salumi, formaggi, conserve, confetture, sciroppi, mostarde, sotto&#8217;oli, funghi, torte salate e altre specialit\u00e0.<\/p>\n<p>Orari: venerd\u00ec 11 marzo dalle 10 alle 12,45 incontro tra operatori professionali, su invito; dalle 15 alle 20 apertura al pubblico.\u00a0 Sabato 12 e domenica 13 apertura al pubblico dalle 10 alle 20. L\u2019ingresso \u00e8 libero. A disposizione dei visitatori un servizio gratuito di bus navetta dal centro di Finalmarina a Finalborgo.<\/p>\n","protected":false},"excerpt":{"rendered":"<p>Finale Ligure. L&#8217;incontro tra la domanda e l&#8217;offerta di prodotti tipici liguri sar\u00e0 al centro del Workshop &#8220;B2B&#8221; (business to business), che si terr\u00e0 la mattina dell&#8217;11 marzo, dalle 10 alle 12,45, nel Complesso Monumentale di Santa Caterina a Finalborgo. Con quest&#8217;iniziativa il Salone amplia la sua durata, anticipando l&#8217;apertura ai soli operatori professionali il [&hellip;]<\/p>\n","protected":false},"author":13744,"featured_media":0,"comment_status":"open","ping_status":"closed","sticky":false,"template":"","format":"standard","meta":{"footnotes":""},"categories":[],"tags":[2317,85844,2156,20482,85850],"class_list":["post-143443","post","type-post","status-publish","format-standard","hentry","tag-angelo-vaccarezza","tag-finale-ligure","tag-luciano-pasquale","tag-salone-agroalimentare-ligure","tag-savona","post_cat_citta-finale-ligure"],"amp_validity":null,"amp_enabled":true,"_links":{"self":[{"href":"https:\/\/staging.ivg.it\/ediapi\/wp\/v2\/posts\/143443","targetHints":{"allow":["GET"]}}],"collection":[{"href":"https:\/\/staging.ivg.it\/ediapi\/wp\/v2\/posts"}],"about":[{"href":"https:\/\/staging.ivg.it\/ediapi\/wp\/v2\/types\/post"}],"author":[{"embeddable":true,"href":"https:\/\/staging.ivg.it\/ediapi\/wp\/v2\/users\/13744"}],"replies":[{"embeddable":true,"href":"https:\/\/staging.ivg.it\/ediapi\/wp\/v2\/comments?post=143443"}],"version-history":[{"count":0,"href":"https:\/\/staging.ivg.it\/ediapi\/wp\/v2\/posts\/143443\/revisions"}],"wp:attachment":[{"href":"https:\/\/staging.ivg.it\/ediapi\/wp\/v2\/media?parent=143443"}],"wp:term":[{"taxonomy":"category","embeddable":true,"href":"https:\/\/staging.ivg.it\/ediapi\/wp\/v2\/categories?post=143443"},{"taxonomy":"post_tag","embeddable":true,"href":"https:\/\/staging.ivg.it\/ediapi\/wp\/v2\/tags?post=143443"}],"curies":[{"name":"wp","href":"https:\/\/api.w.org\/{rel}","templated":true}]}}