{"id":143178,"date":"2011-03-05T10:32:26","date_gmt":"2011-03-05T09:32:26","guid":{"rendered":"http:\/\/www.ivg.it\/?p=143178"},"modified":"2012-11-09T18:27:28","modified_gmt":"2012-11-09T17:27:28","slug":"elezioni-a-tovo-san-giacomo-in-campo-la-lista-per-un-paese-nuovo","status":"publish","type":"post","link":"https:\/\/staging.ivg.it\/2011\/03\/elezioni-a-tovo-san-giacomo-in-campo-la-lista-per-un-paese-nuovo\/","title":{"rendered":"Elezioni: a Tovo San Giacomo in campo la lista \u201cPer un paese nuovo\u201d"},"content":{"rendered":"<p><strong>Tovo San Giacomo.<\/strong>\u00a0Si delineano a poco a poco i contorni della prossima sfida elettorale anche a Tovo San Giacomo, uno di quei comuni del savonese chiamati al voto il 15 e 16 maggio prossimi. Nel frattempo la lista &#8220;Per un paese nuovo&#8221; ha ufficializzato la sua candidatura a guidare il paese della Val Maremola.<\/p>\n<p>&#8220;Molti cittadini di Tovo San Giacomo si stanno incontrando per discutere e confrontarsi sul futuro della loro comunit\u00e0&#8221; si legge in una nota. &#8220;Ci\u00f2 che accomuna queste persone, diverse fra loro per esperienze politiche e professionali, \u00e8 la volont\u00e0 di impegnarsi per il bene del paese e la sua crescita sociale ed economica&#8221;.<\/p>\n<p>&#8220;Da questi momenti di discussione sono emerse moltissime idee innovative e moderne, che convergono comunque tutte sulla necessit\u00e0 di offrire a Tovo San Giacomo un\u2019amministrazione capace di affrontare con nuovo entusiasmo, metodo e programmazione le difficolt\u00e0 che sempre pi\u00f9 investono le piccole comunit\u00e0 come Tovo. Per queste ragioni, il gruppo sta lavorando per presentarsi alle prossime elezioni amministrative del 15 e 16 maggio nel comune di Tovo San Giacomo con la lista civica\u00a0 il cui nome sar\u00e0 Per un nuovo paese&#8221; conclude la nota della lista.<\/p>\n<p>A breve sar\u00e0 reso noto il nome del candidato alla carica di sindaco ed un primo calendario di incontri pubblici per l\u2019ascolto delle esigenze e delle proposte della cittadinanza.<\/p>\n<p>La nuova lista rende noto che in attesa di attivare a breve altri canali di comunicazione, \u00e8 gi\u00e0 comunque possibile contattare il nuovo movimento alla casella di posta elettronica\u00a0 <a href=\"mailto:perunnuovopaese@libero.it\">perunnuovopaese@libero.it<\/a><\/p>\n","protected":false},"excerpt":{"rendered":"<p>Tovo San Giacomo.\u00a0Si delineano a poco a poco i contorni della prossima sfida elettorale anche a Tovo San Giacomo, uno di quei comuni del savonese chiamati al voto il 15 e 16 maggio prossimi. Nel frattempo la lista &#8220;Per un paese nuovo&#8221; ha ufficializzato la sua candidatura a guidare il paese della Val Maremola. &#8220;Molti [&hellip;]<\/p>\n","protected":false},"author":13744,"featured_media":0,"comment_status":"open","ping_status":"closed","sticky":false,"template":"","format":"standard","meta":{"footnotes":""},"categories":[31],"tags":[218,86096],"class_list":["post-143178","post","type-post","status-publish","format-standard","hentry","category-politica","tag-elezioni","tag-tovo-san-giacomo","post_cat_citta-andora","post_cat_citta-tovo-san-giacomo"],"amp_validity":null,"amp_enabled":true,"_links":{"self":[{"href":"https:\/\/staging.ivg.it\/ediapi\/wp\/v2\/posts\/143178","targetHints":{"allow":["GET"]}}],"collection":[{"href":"https:\/\/staging.ivg.it\/ediapi\/wp\/v2\/posts"}],"about":[{"href":"https:\/\/staging.ivg.it\/ediapi\/wp\/v2\/types\/post"}],"author":[{"embeddable":true,"href":"https:\/\/staging.ivg.it\/ediapi\/wp\/v2\/users\/13744"}],"replies":[{"embeddable":true,"href":"https:\/\/staging.ivg.it\/ediapi\/wp\/v2\/comments?post=143178"}],"version-history":[{"count":0,"href":"https:\/\/staging.ivg.it\/ediapi\/wp\/v2\/posts\/143178\/revisions"}],"wp:attachment":[{"href":"https:\/\/staging.ivg.it\/ediapi\/wp\/v2\/media?parent=143178"}],"wp:term":[{"taxonomy":"category","embeddable":true,"href":"https:\/\/staging.ivg.it\/ediapi\/wp\/v2\/categories?post=143178"},{"taxonomy":"post_tag","embeddable":true,"href":"https:\/\/staging.ivg.it\/ediapi\/wp\/v2\/tags?post=143178"}],"curies":[{"name":"wp","href":"https:\/\/api.w.org\/{rel}","templated":true}]}}