{"id":142017,"date":"2011-02-28T14:18:25","date_gmt":"2011-02-28T13:18:25","guid":{"rendered":"http:\/\/www.ivg.it\/?p=142017"},"modified":"2011-02-28T18:44:15","modified_gmt":"2011-02-28T17:44:15","slug":"vaggi-il-faggio-festeggia-30-anni-di-attivita-assistite-oltre-1500-persone","status":"publish","type":"post","link":"https:\/\/staging.ivg.it\/2011\/02\/vaggi-il-faggio-festeggia-30-anni-di-attivita-assistite-oltre-1500-persone\/","title":{"rendered":"Vaggi: \u201cIl Faggio festeggia 30 anni di attivit\u00e0, assistite oltre 1.500 persone\u201d"},"content":{"rendered":"<p><strong>Savona.<\/strong> Il Faggio, cooperativa sociale savonese, festeggia 30 anni di attivit\u00e0 e per celebrare questo compleanno presenta un ricco calendario di eventi, corsi e convegni che si terranno da marzo fino a novembre. Tra le iniziative un convegno sull\u2019educazione e riabilitazione per portari di handicap (10 marzo), un incontro informativo sul rapporto tra alcool e giovani (26 marzo), la Festa della Cooperazione e della Solidariet\u00e0 (1 maggio), nonch\u00e9 la presentazione e l\u2019inaugurazione del Servizio di Riabilitazione residenziale HK (6 aprile). A settembre tra le altre iniziative su disturbi affettivi, psicofarmacologia, patologie neurologiche e cure palliative.<\/p>\n<p>La realt\u00e0 del Faggio inizia il 28 febbraio del 1981 con l\u2019inaugurazione della prima struttura residenziale a Savona, nel quartiere di Legino, per persone diversamente abili.<\/p>\n<p>In Liguria \u00e8 la prima Cooperativa di Produzione e Lavoro e la prima Cooperativa Sociale per fatturato e numero di addetti: 680 lavoratori di cui 520 donne, 476 soci, con un fatturato di oltre 22 milioni di euro, un patrimonio\u00a0 pari a 1.349.923, 41 servizi gestiti e circa 1500 persone assistite.<\/p>\n<p>\u201cIl 28 febbraio \u00e8 una data importante per Il Faggio: proprio in questo giorno trent\u2019anni fa \u00e8 stata inaugurata la prima struttura residenziale, a Savona, per persone diversamente abili. Nella ricorrenza dei 30 anni, la Cooperativa ha\u00a0 deciso di festeggiare questo importante compleanno con una serie di eventi e manifestazioni\u201d afferma Sara Vaggi, presidente della cooperativa che sottolinea: &#8220;La Cooperativa \u00e8 cresciuta molto in questi 30 anni, dimostrando che il modello assistenziale inaugurato nel 1981 si \u00e8 rivelato vincente, ed attualmente il Faggio gestisce in Liguria numerosi servizi sociosanitari e riabilitativi, caratterizzati da un modello di assistenza rispettoso della persona. La ricerca costante nell\u2019offrire un servizio sempre pi\u00f9 qualificato e capillare sul territorio ha portato Il Faggio a realizzare progetti innovativi e ad acquisire nuove strutture per l\u2019ampliamento delle sue attivit\u00e0&#8221;.<\/p>\n<p>In questi anni ha conseguito, tra l&#8217;altro, dieci certificazioni di Qualit\u00e0 ISO 9001:2000 e le loro strutture stanno ricevendo l\u2019accreditamento istituzionale .<\/p>\n<p>&#8220;Abbiamo posto al centro delle nostre iniziative eventi promozionali legati molto alla formazione, importante per garantire qualit\u00e0 e servizi differenziati nella nostra quotidiana assistenza. Le cooperative sociali come la nostra hanno un ruolo essenziale nel sostituirsi al pubblico puntando sui valori di umanit\u00e0 e affetto che devono caratterizzare il sistema cooperativo&#8221; ha aggiunto la Vaggi. La presidente si \u00e8 poi soffermata nello specifico sui tre progetti in corso da parte della cooperativa: &#8220;l&#8217;apertura di un nuovo modulo per la riabilitazione delle patologie neurodegenarative, all&#8217;interno della struttura di Villabianca, secondo progetto \u00e8 il recupero dall&#8217;alcolismo, che verr\u00e0 approfondito nel nostro convegno che si terr\u00e0 al Teatro Sacco e che coinvolger\u00e0 anche personale del Sert. Stiamo lavorando per realizzare una nuova struttura di sostegno a Col di Nava, affiancando anche il recupero dal disagio psichico. Infine i minori e le loro patologie e disturbi, per dare una risposta assistenziale anche sul territorio ligure; ci stiamo muovendo per cercare immobili che possano ospitare la nostra sede dedicata al recupero dei minori&#8221; ha concluso la presidente Vaggi.<\/p>\n","protected":false},"excerpt":{"rendered":"<p>Savona. Il Faggio, cooperativa sociale savonese, festeggia 30 anni di attivit\u00e0 e per celebrare questo compleanno presenta un ricco calendario di eventi, corsi e convegni che si terranno da marzo fino a novembre. Tra le iniziative un convegno sull\u2019educazione e riabilitazione per portari di handicap (10 marzo), un incontro informativo sul rapporto tra alcool e [&hellip;]<\/p>\n","protected":false},"author":13744,"featured_media":0,"comment_status":"open","ping_status":"closed","sticky":false,"template":"","format":"standard","meta":{"footnotes":""},"categories":[35],"tags":[877,23983,31409,85850],"class_list":["post-142017","post","type-post","status-publish","format-standard","hentry","category-economia","tag-assistenza","tag-il-faggio","tag-sara-vaggi","tag-savona","post_cat_citta-savona"],"amp_validity":null,"amp_enabled":true,"_links":{"self":[{"href":"https:\/\/staging.ivg.it\/ediapi\/wp\/v2\/posts\/142017","targetHints":{"allow":["GET"]}}],"collection":[{"href":"https:\/\/staging.ivg.it\/ediapi\/wp\/v2\/posts"}],"about":[{"href":"https:\/\/staging.ivg.it\/ediapi\/wp\/v2\/types\/post"}],"author":[{"embeddable":true,"href":"https:\/\/staging.ivg.it\/ediapi\/wp\/v2\/users\/13744"}],"replies":[{"embeddable":true,"href":"https:\/\/staging.ivg.it\/ediapi\/wp\/v2\/comments?post=142017"}],"version-history":[{"count":0,"href":"https:\/\/staging.ivg.it\/ediapi\/wp\/v2\/posts\/142017\/revisions"}],"wp:attachment":[{"href":"https:\/\/staging.ivg.it\/ediapi\/wp\/v2\/media?parent=142017"}],"wp:term":[{"taxonomy":"category","embeddable":true,"href":"https:\/\/staging.ivg.it\/ediapi\/wp\/v2\/categories?post=142017"},{"taxonomy":"post_tag","embeddable":true,"href":"https:\/\/staging.ivg.it\/ediapi\/wp\/v2\/tags?post=142017"}],"curies":[{"name":"wp","href":"https:\/\/api.w.org\/{rel}","templated":true}]}}