{"id":141967,"date":"2011-02-28T11:01:28","date_gmt":"2011-02-28T10:01:28","guid":{"rendered":"http:\/\/www.ivg.it\/?p=141967"},"modified":"2011-02-28T11:01:28","modified_gmt":"2011-02-28T10:01:28","slug":"provincia-diocesi-apre-la-casa-romero-per-rifugiati","status":"publish","type":"post","link":"https:\/\/staging.ivg.it\/2011\/02\/provincia-diocesi-apre-la-casa-romero-per-rifugiati\/","title":{"rendered":"Provincia-Diocesi: apre la Casa &#8220;Romero&#8221; per rifugiati"},"content":{"rendered":"<p><strong>Savona<\/strong>. La Provincia di Savona ha vinto un concorso indetto dal Ministero degli Interni e grazie alle Caritas di Savona e Albenga, le porte del nostro territorio si aprono all&#8217;altro in quanto persona da tutelare e proteggere, a chi richiede asilo politico o servizi di soccorso. L&#8217;inaugurazione della Casa di accoglienza di via Luigi Corsi, che \u00e8 gestita dalla Fondazione diocesana Comunit\u00e0servizi e dispone di otto posti (quella di Albenga ne offre altri sette), vuole essere una risposta immediata all&#8217;iniziativa.<\/p>\n<p>L\u2019inaugurazione ufficiale della comunit\u00e0 \u201cOscar Romero\u201d per rifugiati e richiedenti asilo in via Luigi Corsi avverr\u00e0 luned\u00ec 14 marzo alle ore 15 e sar\u00e0 seguita, alle 15,30 presso la sala consiliare della Provincia, dal convegno \u201cMigrazioni forzate e diritti umani\u201d che prevede, dopo i saluti e la presentazione del progetto d\u2019accoglienza, la conferenza del biblista don Claudio Doglio su \u201cGes\u00f9 Cristo e la sua esperienza di rifugiato\u201d, la relazione di suor Maria Jos\u00e9 Rey, operatrice della Fondazione Astalli di Roma, su \u201ci richiedenti asilo e i rifugiati: tra giochi di potere e diritto di abitare la terra\u201d e la testimonianza di un rifugiato, un giornalista camerunense collaboratore della Fondazione Astalli di Roma (\u201cHo lasciato la mia terra perch\u00e9\u2026\u201d).<\/p>\n","protected":false},"excerpt":{"rendered":"<p>Savona. La Provincia di Savona ha vinto un concorso indetto dal Ministero degli Interni e grazie alle Caritas di Savona e Albenga, le porte del nostro territorio si aprono all&#8217;altro in quanto persona da tutelare e proteggere, a chi richiede asilo politico o servizi di soccorso. L&#8217;inaugurazione della Casa di accoglienza di via Luigi Corsi, [&hellip;]<\/p>\n","protected":false},"author":13744,"featured_media":0,"comment_status":"open","ping_status":"closed","sticky":false,"template":"","format":"standard","meta":{"footnotes":""},"categories":[56],"tags":[1695,16575,85850],"class_list":["post-141967","post","type-post","status-publish","format-standard","hentry","category-altre","tag-casa","tag-rifugiati","tag-savona","post_cat_citta-savona"],"amp_validity":null,"amp_enabled":true,"_links":{"self":[{"href":"https:\/\/staging.ivg.it\/ediapi\/wp\/v2\/posts\/141967","targetHints":{"allow":["GET"]}}],"collection":[{"href":"https:\/\/staging.ivg.it\/ediapi\/wp\/v2\/posts"}],"about":[{"href":"https:\/\/staging.ivg.it\/ediapi\/wp\/v2\/types\/post"}],"author":[{"embeddable":true,"href":"https:\/\/staging.ivg.it\/ediapi\/wp\/v2\/users\/13744"}],"replies":[{"embeddable":true,"href":"https:\/\/staging.ivg.it\/ediapi\/wp\/v2\/comments?post=141967"}],"version-history":[{"count":0,"href":"https:\/\/staging.ivg.it\/ediapi\/wp\/v2\/posts\/141967\/revisions"}],"wp:attachment":[{"href":"https:\/\/staging.ivg.it\/ediapi\/wp\/v2\/media?parent=141967"}],"wp:term":[{"taxonomy":"category","embeddable":true,"href":"https:\/\/staging.ivg.it\/ediapi\/wp\/v2\/categories?post=141967"},{"taxonomy":"post_tag","embeddable":true,"href":"https:\/\/staging.ivg.it\/ediapi\/wp\/v2\/tags?post=141967"}],"curies":[{"name":"wp","href":"https:\/\/api.w.org\/{rel}","templated":true}]}}