{"id":141918,"date":"2011-02-28T08:36:24","date_gmt":"2011-02-28T07:36:24","guid":{"rendered":"http:\/\/www.ivg.it\/?p=141918"},"modified":"2011-02-28T12:55:58","modified_gmt":"2011-02-28T11:55:58","slug":"tomaso-in-aula-il-funzionario-di-polizia-che-svolse-le-indagini-sulla-morte-di-montis","status":"publish","type":"post","link":"https:\/\/staging.ivg.it\/2011\/02\/tomaso-in-aula-il-funzionario-di-polizia-che-svolse-le-indagini-sulla-morte-di-montis\/","title":{"rendered":"Tomaso: in aula il funzionario di polizia che svolse le indagini sulla morte di Montis"},"content":{"rendered":"<p><strong>India<\/strong>. Tra continui rinvii delle udienze si allungano i tempi del processo a carico dell&#8217;albenganese Tomaso Bruno e dell&#8217;amica Elisabetta Boncompagni accusati di aver ucciso il proprio compagno di viaggio, Francesco Montis, nel corso di un viaggio in India.<\/p>\n<p>Il teste da sentire oggi \u00e8 il commissario di polizia che per primo svolse le indagini sulla morte del ragazzo sardo. Una testimonianza che occuper\u00e0 lo spazio di alcune sedute allungando cos\u00ec i tempi di un processo che avrebbe dovuto concludersi a fine gennaio ma che deve ancora vedere sfilare i testimoni della difesa. I genitori di Tomaso hanno scritto pi\u00f9 volte all&#8217;ambasciata italiana di New Delhi e hanno chiesto l&#8217;aiuto di alcuni politici per chiedere &#8220;tempi brevi&#8221; ma, al momento, i loro appelli paiono inascoltati.<\/p>\n","protected":false},"excerpt":{"rendered":"<p>India. Tra continui rinvii delle udienze si allungano i tempi del processo a carico dell&#8217;albenganese Tomaso Bruno e dell&#8217;amica Elisabetta Boncompagni accusati di aver ucciso il proprio compagno di viaggio, Francesco Montis, nel corso di un viaggio in India. Il teste da sentire oggi \u00e8 il commissario di polizia che per primo svolse le indagini [&hellip;]<\/p>\n","protected":false},"author":13744,"featured_media":0,"comment_status":"open","ping_status":"closed","sticky":false,"template":"","format":"standard","meta":{"footnotes":""},"categories":[34],"tags":[21323,21264,2371,924,21234,21324],"class_list":["post-141918","post","type-post","status-publish","format-standard","hentry","category-cronaca","tag-elisabetta-boncompagni","tag-francesco-montis","tag-india","tag-omicidio","tag-tomaso-bruno","tag-varanasi"],"amp_validity":null,"amp_enabled":true,"_links":{"self":[{"href":"https:\/\/staging.ivg.it\/ediapi\/wp\/v2\/posts\/141918","targetHints":{"allow":["GET"]}}],"collection":[{"href":"https:\/\/staging.ivg.it\/ediapi\/wp\/v2\/posts"}],"about":[{"href":"https:\/\/staging.ivg.it\/ediapi\/wp\/v2\/types\/post"}],"author":[{"embeddable":true,"href":"https:\/\/staging.ivg.it\/ediapi\/wp\/v2\/users\/13744"}],"replies":[{"embeddable":true,"href":"https:\/\/staging.ivg.it\/ediapi\/wp\/v2\/comments?post=141918"}],"version-history":[{"count":0,"href":"https:\/\/staging.ivg.it\/ediapi\/wp\/v2\/posts\/141918\/revisions"}],"wp:attachment":[{"href":"https:\/\/staging.ivg.it\/ediapi\/wp\/v2\/media?parent=141918"}],"wp:term":[{"taxonomy":"category","embeddable":true,"href":"https:\/\/staging.ivg.it\/ediapi\/wp\/v2\/categories?post=141918"},{"taxonomy":"post_tag","embeddable":true,"href":"https:\/\/staging.ivg.it\/ediapi\/wp\/v2\/tags?post=141918"}],"curies":[{"name":"wp","href":"https:\/\/api.w.org\/{rel}","templated":true}]}}