{"id":141513,"date":"2011-02-25T19:08:06","date_gmt":"2011-02-25T18:08:06","guid":{"rendered":"http:\/\/www.ivg.it\/?p=141513"},"modified":"2011-02-26T07:34:54","modified_gmt":"2011-02-26T06:34:54","slug":"incidente-sulla-piste-da-sci-grave-medico-del-san-paolo","status":"publish","type":"post","link":"https:\/\/staging.ivg.it\/2011\/02\/incidente-sulla-piste-da-sci-grave-medico-del-san-paolo\/","title":{"rendered":"Incidente sulla piste da sci: grave medico del San Paolo"},"content":{"rendered":"<p><strong>Savona.<\/strong> Graziano Piccardo, 53 anni, medico per la chirurgia del piede all&#8217;ospedale San Paolo di Savona, \u00e8 rimasto vittima questa mattina di un incidente sulle piste da sci del cuneese. Il medico savonese si \u00e8 scontrato contro un altro sciatore e si trova ricoverato in gravi condizioni presso il Cto di Torino. Illeso, invece, il secondo sciatore, A.P., 21 anni di Genova.<\/p>\n<p>Secondo la ricostruzione dei carabinieri, poco prima delle 11, sulle piste del Mondol\u00e9 ski, a Malanotte, Piccardo, mentre stava procedendo verso valle, si \u00e8 scontrato con un altro sciatore, Andrea Ferrone di 21 anni di Genova. Dopo l&#8217; urto il medico ha perso conoscenza ed \u00e8 stato soccorso dai volontari delle piste, dal 118 e dai carabinieri che svolgono attivit\u00e0 di controllo nella localit\u00e0 invernale. Vista la sua gravit\u00e0, \u00e8 stato elitrasportato al Cto di Torino.<\/p>\n<p>Tra le ipotesi al vaglio degli investigatori la possibilit\u00e0 che il medico savonese possa essere stato colpito da un malore e, senza riuscire a controllare la discesa, sia poi finito sul giovane sciatore genovese.<\/p>\n","protected":false},"excerpt":{"rendered":"<p>Savona. Graziano Piccardo, 53 anni, medico per la chirurgia del piede all&#8217;ospedale San Paolo di Savona, \u00e8 rimasto vittima questa mattina di un incidente sulle piste da sci del cuneese. Il medico savonese si \u00e8 scontrato contro un altro sciatore e si trova ricoverato in gravi condizioni presso il Cto di Torino. Illeso, invece, il [&hellip;]<\/p>\n","protected":false},"author":13744,"featured_media":0,"comment_status":"open","ping_status":"closed","sticky":false,"template":"","format":"standard","meta":{"footnotes":""},"categories":[34],"tags":[14543,309,1858],"class_list":["post-141513","post","type-post","status-publish","format-standard","hentry","category-cronaca","tag-grave","tag-incidente","tag-sci","post_cat_citta-andora","post_cat_citta-savona"],"amp_validity":null,"amp_enabled":true,"_links":{"self":[{"href":"https:\/\/staging.ivg.it\/ediapi\/wp\/v2\/posts\/141513","targetHints":{"allow":["GET"]}}],"collection":[{"href":"https:\/\/staging.ivg.it\/ediapi\/wp\/v2\/posts"}],"about":[{"href":"https:\/\/staging.ivg.it\/ediapi\/wp\/v2\/types\/post"}],"author":[{"embeddable":true,"href":"https:\/\/staging.ivg.it\/ediapi\/wp\/v2\/users\/13744"}],"replies":[{"embeddable":true,"href":"https:\/\/staging.ivg.it\/ediapi\/wp\/v2\/comments?post=141513"}],"version-history":[{"count":0,"href":"https:\/\/staging.ivg.it\/ediapi\/wp\/v2\/posts\/141513\/revisions"}],"wp:attachment":[{"href":"https:\/\/staging.ivg.it\/ediapi\/wp\/v2\/media?parent=141513"}],"wp:term":[{"taxonomy":"category","embeddable":true,"href":"https:\/\/staging.ivg.it\/ediapi\/wp\/v2\/categories?post=141513"},{"taxonomy":"post_tag","embeddable":true,"href":"https:\/\/staging.ivg.it\/ediapi\/wp\/v2\/tags?post=141513"}],"curies":[{"name":"wp","href":"https:\/\/api.w.org\/{rel}","templated":true}]}}