{"id":140285,"date":"2011-02-22T08:06:32","date_gmt":"2011-02-22T07:06:32","guid":{"rendered":"http:\/\/www.ivg.it\/?p=140285"},"modified":"2011-02-22T15:16:31","modified_gmt":"2011-02-22T14:16:31","slug":"abusi-sulla-figlia-undicenne-sospesa-la-patria-potesta-ai-genitori","status":"publish","type":"post","link":"https:\/\/staging.ivg.it\/2011\/02\/abusi-sulla-figlia-undicenne-sospesa-la-patria-potesta-ai-genitori\/","title":{"rendered":"Abusi sulla figlia undicenne: sospesa la patria potest\u00e0 ai genitori"},"content":{"rendered":"<p>Il tribunale dei minori di Genova ha sospeso la patria potest\u00e0 alla coppia accusata di avere abusato della figlia undicenne, in attesa di conoscere gli esiti del procedimento penale. I fatti si sarebbero svolti a Ceriale, dove vive la famiglia della ragazzina, e vedrebbero coinvolti entrambi i genitori, anche se forse la madre avrebbe avuto un ruolo marginale nella squallida vicenda. <\/p>\n<p>La piccola \u00e8 stata prelevata da scuola dai carabinieri che, dopo aver ricostruito numerosi episodi di contatti erotici con la minorenne, l&#8217;hanno portata in una comunit\u00e0 protetta, lontano dai presunti orchi. La piccola non avrebbe mai dato segnali di disagio n\u00e8 a scuola n\u00e8 con gli amici.<\/p>\n","protected":false},"excerpt":{"rendered":"<p>Il tribunale dei minori di Genova ha sospeso la patria potest\u00e0 alla coppia accusata di avere abusato della figlia undicenne, in attesa di conoscere gli esiti del procedimento penale. I fatti si sarebbero svolti a Ceriale, dove vive la famiglia della ragazzina, e vedrebbero coinvolti entrambi i genitori, anche se forse la madre avrebbe avuto [&hellip;]<\/p>\n","protected":false},"author":13744,"featured_media":0,"comment_status":"open","ping_status":"closed","sticky":false,"template":"","format":"standard","meta":{"footnotes":""},"categories":[34],"tags":[17214,228,85855,17445,2423,2427],"class_list":["post-140285","post","type-post","status-publish","format-standard","hentry","category-cronaca","tag-abusi-sessuali","tag-carabinieri","tag-ceriale","tag-figlia","tag-minore","tag-pedofilia","post_cat_citta-ceriale"],"amp_validity":null,"amp_enabled":true,"_links":{"self":[{"href":"https:\/\/staging.ivg.it\/ediapi\/wp\/v2\/posts\/140285","targetHints":{"allow":["GET"]}}],"collection":[{"href":"https:\/\/staging.ivg.it\/ediapi\/wp\/v2\/posts"}],"about":[{"href":"https:\/\/staging.ivg.it\/ediapi\/wp\/v2\/types\/post"}],"author":[{"embeddable":true,"href":"https:\/\/staging.ivg.it\/ediapi\/wp\/v2\/users\/13744"}],"replies":[{"embeddable":true,"href":"https:\/\/staging.ivg.it\/ediapi\/wp\/v2\/comments?post=140285"}],"version-history":[{"count":0,"href":"https:\/\/staging.ivg.it\/ediapi\/wp\/v2\/posts\/140285\/revisions"}],"wp:attachment":[{"href":"https:\/\/staging.ivg.it\/ediapi\/wp\/v2\/media?parent=140285"}],"wp:term":[{"taxonomy":"category","embeddable":true,"href":"https:\/\/staging.ivg.it\/ediapi\/wp\/v2\/categories?post=140285"},{"taxonomy":"post_tag","embeddable":true,"href":"https:\/\/staging.ivg.it\/ediapi\/wp\/v2\/tags?post=140285"}],"curies":[{"name":"wp","href":"https:\/\/api.w.org\/{rel}","templated":true}]}}