{"id":140238,"date":"2011-02-21T17:15:32","date_gmt":"2011-02-21T16:15:32","guid":{"rendered":"http:\/\/www.ivg.it\/?p=140238"},"modified":"2011-02-22T08:19:29","modified_gmt":"2011-02-22T07:19:29","slug":"palazzo-sisto-piu-eco-acquisti-verdi-per-gli-uffici-comunali","status":"publish","type":"post","link":"https:\/\/staging.ivg.it\/2011\/02\/palazzo-sisto-piu-eco-acquisti-verdi-per-gli-uffici-comunali\/","title":{"rendered":"Palazzo Sisto pi\u00f9 eco: acquisti verdi per gli uffici comunali"},"content":{"rendered":"<p><strong>Savona<\/strong>. Anche la gestione interna di Palazzo Sisto punta a soluzioni ecocompatibili. Domani in giunta, infatti, passer\u00e0 all&#8217;esame il piano triennale per gli acquisti verdi. Dalla cancelleria per gli uffici alle cartucce per le stampanti, passando per carta, salviette e materiale usa e getta, ogni ordine dovr\u00e0 essere inoltrato tenendo conto della compatibilit\u00e0 ambientale. La merce dovr\u00e0 corrispondere alle linee guida adottate.<\/p>\n<p>L&#8217;esecutivo savonese far\u00e0 il punto sulla certificazione Uni En Iso 14001 e sugli obiettivi ambientali: all&#8217;attenzione, in particolare, l&#8217;utilizzo dell&#8217;energia rinnovabile, la diminuzione delle emissioni inquinanti e il risparmio energetico. Posa dei pannelli fotovoltaici, illuminazione pubblica, tenuta termica degli edifici scolastici, smaltimento dei rifiuti da parte delle imprese che vincono appalti pubblici: anche questi argomenti sono inclusi nella delibera che domani passer\u00e0 al vaglio della giunta.<\/p>\n<p>Il Comune di Savona attraverso l&#8217;assessore Jorg Costantino si sta muovendo anche sul fronte di altre iniziative ambientali, a carattere divulgativo. Dal 6 all&#8217;11 giugno si svolger\u00e0 la terza &#8220;Settimana dell&#8217;educazione alla sostenibilit\u00e0 e alla pace&#8221; (con lo slogan &#8220;Voler bene alla terra: immagini, parole, suoni ed emozioni&#8221;). L&#8217;amministrazione approver\u00e0, inoltre, una convenzione con l&#8217;Associazione A come Ambiente di Torino per lo svolgimento di attivit\u00e0 di sensibilizzazione e informazione scientifica sull&#8217;ambiente urbano presso il Museo A come Ambiente. Infine, il Comune organizzer\u00e0 il progetto &#8220;Da SCuO2la a scuola: un tam tam per il clima&#8221;.<\/p>\n","protected":false},"excerpt":{"rendered":"<p>Savona. Anche la gestione interna di Palazzo Sisto punta a soluzioni ecocompatibili. Domani in giunta, infatti, passer\u00e0 all&#8217;esame il piano triennale per gli acquisti verdi. Dalla cancelleria per gli uffici alle cartucce per le stampanti, passando per carta, salviette e materiale usa e getta, ogni ordine dovr\u00e0 essere inoltrato tenendo conto della compatibilit\u00e0 ambientale. La [&hellip;]<\/p>\n","protected":false},"author":13744,"featured_media":0,"comment_status":"open","ping_status":"closed","sticky":false,"template":"","format":"standard","meta":{"footnotes":""},"categories":[],"tags":[106,892,866,561,85850],"class_list":["post-140238","post","type-post","status-publish","format-standard","hentry","tag-ambiente","tag-fotovoltaico","tag-jorg-costantino","tag-risparmio-energetico","tag-savona","post_cat_citta-savona"],"amp_validity":null,"amp_enabled":true,"_links":{"self":[{"href":"https:\/\/staging.ivg.it\/ediapi\/wp\/v2\/posts\/140238","targetHints":{"allow":["GET"]}}],"collection":[{"href":"https:\/\/staging.ivg.it\/ediapi\/wp\/v2\/posts"}],"about":[{"href":"https:\/\/staging.ivg.it\/ediapi\/wp\/v2\/types\/post"}],"author":[{"embeddable":true,"href":"https:\/\/staging.ivg.it\/ediapi\/wp\/v2\/users\/13744"}],"replies":[{"embeddable":true,"href":"https:\/\/staging.ivg.it\/ediapi\/wp\/v2\/comments?post=140238"}],"version-history":[{"count":0,"href":"https:\/\/staging.ivg.it\/ediapi\/wp\/v2\/posts\/140238\/revisions"}],"wp:attachment":[{"href":"https:\/\/staging.ivg.it\/ediapi\/wp\/v2\/media?parent=140238"}],"wp:term":[{"taxonomy":"category","embeddable":true,"href":"https:\/\/staging.ivg.it\/ediapi\/wp\/v2\/categories?post=140238"},{"taxonomy":"post_tag","embeddable":true,"href":"https:\/\/staging.ivg.it\/ediapi\/wp\/v2\/tags?post=140238"}],"curies":[{"name":"wp","href":"https:\/\/api.w.org\/{rel}","templated":true}]}}