{"id":140215,"date":"2011-02-21T17:18:21","date_gmt":"2011-02-21T16:18:21","guid":{"rendered":"http:\/\/www.ivg.it\/?p=140215"},"modified":"2011-02-22T10:18:19","modified_gmt":"2011-02-22T09:18:19","slug":"ecoalbenga-incontro-in-prefettura-pronti-allo-sciopero","status":"publish","type":"post","link":"https:\/\/staging.ivg.it\/2011\/02\/ecoalbenga-incontro-in-prefettura-pronti-allo-sciopero\/","title":{"rendered":"EcoAlbenga, fumata nera: lavoratori pronti allo sciopero"},"content":{"rendered":"<p><strong>Albenga<\/strong>. Torna alto il livello di conflittualit\u00e0 sul caso EcoAlbenga: il tentativo di conciliazione esperito oggi in Prefettura \u00e8 naufragato. Lavoratori e sindacati sono usciti in fibrillazione dall&#8217;incontro e, anzi, valuteranno le azioni da intraprendere in un&#8217;assemblea entro questa settimana. La strada \u00e8 spianata per lo sciopero. <\/p>\n<p>Intanto, con la scadenza imminente del bando per lo smaltimento rifiuti fissata al 23 marzo, EcoAlbenga si trova nell&#8217;impossibilit\u00e0 di partecipare alla gara, visto che mancanza della certificazione ambientale Iso 9001, per la quale sono state da poco avviate le procedure per l&#8217;accreditamento. <\/p>\n<p>&#8220;L&#8217;incontro in Prefettura si \u00e8 concluso con esito negativo &#8211; afferma Fulvia Veirana della Cgil &#8211; Abbiamo chiesto rassicurazioni al Comune di Albenga sugli organici, ma non ci \u00e8 stata data alcuna risposta. Al contrario, ci \u00e8 stato opposto un atteggiamento di chiusura. Abbiamo da tempo chiesto, inoltre, che vi fossero garanzie sul mantenimento in mano pubblica del servizio, ma abbiamo incontrato silenzio. Non ci sono segnali di apertura sui lavoratori, una parte dei quali sono ex operatori comunali che gi\u00e0 avevano un rapporto di lavoro pubblico&#8221;. <\/p>\n<p>Sono 42 i dipendenti della societ\u00e0 mista a maggioranza pubblica che allignano nel limbo, di fatto esclusi dal bando per l&#8217;assegnazione del servizio di nettezza urbana. &#8220;Valuteremo se intraprendere lo sciopero e quali vie, visto che oggi, in assenza di risposte, si \u00e8 chiusa la conciliazione &#8211; aggiunge l&#8217;esponente della Cgil &#8211; Il Milleproroghe contiene uno slittamento di due anni dei vincoli di trasformazione delle aziende pubblche, quindi c&#8217;era pi\u00f9 tempo per decidere il futuro dell&#8217;azienda. Invece, il Comune ha gi\u00e0 tutto stabilito. Nessuna replica ci \u00e8 stata data alle richieste di modificare il bando, che a questo punto appare blindato&#8221;. &#8220;Se non fosse stato il sindacato a segnalare l&#8217;assenza di certificazione ambientale &#8211; conclude Veirana &#8211; oggi questo fatto non sarebbe ancora preso in considerazione, mentre il bando richiede espressamente l&#8217;Iso 9001&#8221;. <\/p>\n","protected":false},"excerpt":{"rendered":"<p>Albenga. Torna alto il livello di conflittualit\u00e0 sul caso EcoAlbenga: il tentativo di conciliazione esperito oggi in Prefettura \u00e8 naufragato. Lavoratori e sindacati sono usciti in fibrillazione dall&#8217;incontro e, anzi, valuteranno le azioni da intraprendere in un&#8217;assemblea entro questa settimana. La strada \u00e8 spianata per lo sciopero. Intanto, con la scadenza imminente del bando per [&hellip;]<\/p>\n","protected":false},"author":13744,"featured_media":0,"comment_status":"open","ping_status":"closed","sticky":false,"template":"","format":"standard","meta":{"footnotes":""},"categories":[],"tags":[85841,10577,7415,755],"class_list":["post-140215","post","type-post","status-publish","format-standard","hentry","tag-albenga","tag-ecoalbenga","tag-nettezza-urbana","tag-prefettura","post_cat_citta-albenga"],"amp_validity":null,"amp_enabled":true,"_links":{"self":[{"href":"https:\/\/staging.ivg.it\/ediapi\/wp\/v2\/posts\/140215","targetHints":{"allow":["GET"]}}],"collection":[{"href":"https:\/\/staging.ivg.it\/ediapi\/wp\/v2\/posts"}],"about":[{"href":"https:\/\/staging.ivg.it\/ediapi\/wp\/v2\/types\/post"}],"author":[{"embeddable":true,"href":"https:\/\/staging.ivg.it\/ediapi\/wp\/v2\/users\/13744"}],"replies":[{"embeddable":true,"href":"https:\/\/staging.ivg.it\/ediapi\/wp\/v2\/comments?post=140215"}],"version-history":[{"count":0,"href":"https:\/\/staging.ivg.it\/ediapi\/wp\/v2\/posts\/140215\/revisions"}],"wp:attachment":[{"href":"https:\/\/staging.ivg.it\/ediapi\/wp\/v2\/media?parent=140215"}],"wp:term":[{"taxonomy":"category","embeddable":true,"href":"https:\/\/staging.ivg.it\/ediapi\/wp\/v2\/categories?post=140215"},{"taxonomy":"post_tag","embeddable":true,"href":"https:\/\/staging.ivg.it\/ediapi\/wp\/v2\/tags?post=140215"}],"curies":[{"name":"wp","href":"https:\/\/api.w.org\/{rel}","templated":true}]}}