{"id":138950,"date":"2011-02-16T15:34:45","date_gmt":"2011-02-16T14:34:45","guid":{"rendered":"http:\/\/www.ivg.it\/?p=138950"},"modified":"2011-02-17T09:07:09","modified_gmt":"2011-02-17T08:07:09","slug":"inchiesta-spiagge-ascoltate-5-persone-non-ce-solo-alassio-nel-mirino-della-procura","status":"publish","type":"post","link":"https:\/\/staging.ivg.it\/2011\/02\/inchiesta-spiagge-ascoltate-5-persone-non-ce-solo-alassio-nel-mirino-della-procura\/","title":{"rendered":"Inchiesta spiagge, ascoltate 5 persone: non c\u2019\u00e8 solo Alassio nel mirino della Procura"},"content":{"rendered":"<p><strong>Savona<\/strong>. In cinque, tutti in qualit\u00e0 di persone informate sui fatti, sono stati ascoltati questa mattina in Procura a Savona per l&#8217;inchiesta sulle spiagge alassine. In realt\u00e0 le audizioni sarebbero dovute essere sei, ma l&#8217;ex dirigente comunale Giuseppe Lagasio, il cui nome invece figura nel registro degli indagati, non si \u00e8 presentato davanti ai magistrati a causa di un legittimo impedimento. Sui contenuti degli interrogatori, che hanno coinvolto dipendenti ed ex dipendenti dell\u2019ufficio demanio (compresa la dattilografa ormai in pensione ed un cantoniere), nulla trapela: dal sesto piano di Palazzo di Giustizia viene mantenuto il pi\u00f9 stretto riserbo.<\/p>\n<p>E&#8217; chiaro che queste audizioni potrebbero servire per fare ulteriore chiarezza sull&#8217;assegnazione delle concessioni per la gestione delle spiagge libere attrezzate della citt\u00e0 del Muretto. L&#8217;unica indiscrezione che trapela \u00e8 che l&#8217;inchiesta spiagge potrebbe non restare confinata ad Alassio: accertamenti della Procura sarbbero infatti gi\u00e0 scattati in altri comuni della Riviera savonese. Per adesso non ci sarebbero ancora altri fascicoli aperti ma lo scenario potrebbe cambiare nelle prossime settimane.<\/p>\n<p>Per ora sul registro degli indagati restano i nomi delle 12 persone coinvolte nella gestione delle spiagge di Alassio, per le quali il reato ipotizzato \u00e8 abuso in atti d\u2019ufficio e peculato. Tra le persone indagate figurano Fabrizio Cal\u00f2 e Rocco Invernizzi, il presidente di Gescomare e Bagni di Mare, Corrado Barbero, il vicesegretario comunale Demetrio Valdiserra e i responsabili delle 3 societ\u00e0 di gestione.<\/p>\n","protected":false},"excerpt":{"rendered":"<p>Savona. In cinque, tutti in qualit\u00e0 di persone informate sui fatti, sono stati ascoltati questa mattina in Procura a Savona per l&#8217;inchiesta sulle spiagge alassine. In realt\u00e0 le audizioni sarebbero dovute essere sei, ma l&#8217;ex dirigente comunale Giuseppe Lagasio, il cui nome invece figura nel registro degli indagati, non si \u00e8 presentato davanti ai magistrati [&hellip;]<\/p>\n","protected":false},"author":2394,"featured_media":0,"comment_status":"open","ping_status":"closed","sticky":false,"template":"","format":"standard","meta":{"footnotes":""},"categories":[34],"tags":[3498,85824,13404,13916,631,29175,3563,6002,29053,25936,3857,26681,3358,5380,25892,5768,3548,29054,16775],"class_list":["post-138950","post","type-post","status-publish","format-standard","hentry","category-cronaca","tag-acquedotto","tag-alassio","tag-calo","tag-contanti","tag-corrado-barbero","tag-fabio-valenza","tag-francantonio-granero","tag-gesco-mare","tag-inchiesta-sca","tag-inchiesta-spiagge","tag-interrogatorio","tag-memoriale","tag-procura","tag-roberto-socco","tag-rocco-invernizzi","tag-sca","tag-sequestro","tag-spiagge-libere-comunali","tag-tribunale-riesame","post_cat_citta-alassio","post_cat_citta-savona"],"amp_validity":null,"amp_enabled":true,"_links":{"self":[{"href":"https:\/\/staging.ivg.it\/ediapi\/wp\/v2\/posts\/138950","targetHints":{"allow":["GET"]}}],"collection":[{"href":"https:\/\/staging.ivg.it\/ediapi\/wp\/v2\/posts"}],"about":[{"href":"https:\/\/staging.ivg.it\/ediapi\/wp\/v2\/types\/post"}],"author":[{"embeddable":true,"href":"https:\/\/staging.ivg.it\/ediapi\/wp\/v2\/users\/2394"}],"replies":[{"embeddable":true,"href":"https:\/\/staging.ivg.it\/ediapi\/wp\/v2\/comments?post=138950"}],"version-history":[{"count":0,"href":"https:\/\/staging.ivg.it\/ediapi\/wp\/v2\/posts\/138950\/revisions"}],"wp:attachment":[{"href":"https:\/\/staging.ivg.it\/ediapi\/wp\/v2\/media?parent=138950"}],"wp:term":[{"taxonomy":"category","embeddable":true,"href":"https:\/\/staging.ivg.it\/ediapi\/wp\/v2\/categories?post=138950"},{"taxonomy":"post_tag","embeddable":true,"href":"https:\/\/staging.ivg.it\/ediapi\/wp\/v2\/tags?post=138950"}],"curies":[{"name":"wp","href":"https:\/\/api.w.org\/{rel}","templated":true}]}}