{"id":138297,"date":"2011-02-14T14:47:19","date_gmt":"2011-02-14T13:47:19","guid":{"rendered":"http:\/\/www.ivg.it\/?p=138297"},"modified":"2011-02-14T18:35:44","modified_gmt":"2011-02-14T17:35:44","slug":"elezioni-savona-isetta-sel-attendiamo-garanzie-ravera-prc-no-allingresso-dei-finiani","status":"publish","type":"post","link":"https:\/\/staging.ivg.it\/2011\/02\/elezioni-savona-isetta-sel-attendiamo-garanzie-ravera-prc-no-allingresso-dei-finiani\/","title":{"rendered":"Elezioni Savona, Isetta (SEL): \u201cAttendiamo garanzie\u201d. Ravera (Prc): \u201cNo all\u2019ingresso dei finiani\u201d"},"content":{"rendered":"<p><strong>Savona<\/strong>. Barriera all&#8217;eventuale ingresso di gruppi finiani e convergenza sui temi caldi dell&#8217;urbanistica. Queste le condizioni sulle quali Rifondazione Comunista sta modulando l&#8217;accordo in vista delle elezioni di primavera per il rinnovo del consiglio comunale di Savona. Il segretario Matteo Ravera sonda il perimetro della coalizione di centrosinistra per il Berruti bis.<\/p>\n<p>&#8220;La convergenza con il Pd deve essere calibrata sul programma, sul piano urbanistico soprattutto, cos\u00ec come sui temi sociali e sulla Margonara &#8211; afferma Marco Ravera &#8211; Un&#8217;altra condizione \u00e8 che il nostro s\u00ec rimane un s\u00ec se il Partito Democratico eviter\u00e0 di aprirsi al terzo polo. E&#8217; impensabile la nostra adesione ad un gruppo di cui fanno parte anche i finiani&#8221;.<\/p>\n<p>A distanziare il Pd da Prc nel corso dell&#8217;attivit\u00e0 amministrativa di maggioranza \u00e8 stato soprattutto il Puc, sia in fase di adozione che di approvazione. &#8220;I nodi da risolvere sono il progetto del porto della Margonara e il lungomare di ponente&#8221; aveva dichiarato nei giorni scorsi Ravera. Il segretario punta a rafforzare l&#8217;unit\u00e0 della sinistra: &#8220;Siamo contenti che molte delle opinioni che noi esprimevamo gi\u00e0 10 anni fa siano ora proprie anche della SEL, per esempio sulle tematiche del Puc&#8221;.<\/p>\n<p>Sul candidato sindaco che punta al raddoppio del mandato: &#8220;Berruti si \u00e8 dimostrato capace di ascoltare e apprezzo il fatto che abbia sempre cercato di mediare tra le diverse anime del centrosinistra &#8211; osserva Marco Ravera &#8211; Con un sistema elettorale come il nostro, che d\u00e0 vita a coalizioni non omogenee, devo dire che Berruti si \u00e8 sempre fatto garante della compattezza. Ora, per\u00f2, tutto dipender\u00e0 dal programma&#8221;.<\/p>\n<p>Per Nicola Isetta, coordinatore di Sinistra Ecologia e Libert\u00e0 &#8220;l&#8217;ingresso di esponenti di FLI non \u00e8 in discussione&#8221;, mentre &#8211; aggiunge &#8211; &#8220;stiamo attendendo risposte da parte del Pd sul documento programmatico che abbiamo presentato&#8221;. Oggi stesso \u00e8 prevista una riunione politica delle forze di centrosinistra per trovare la quadra. &#8220;Abbiamo bisogno di garanzie sui nodi dell&#8217;urbanistica, dei rapporti con il mondo economico e sul ruolo della pubblica amministrazione nei confronti dei cittadini&#8221; evidenzia Isetta, che aggiunge: &#8220;Nel giro di tre o quattro giorni il quadro elettorale sar\u00e0 pi\u00f9 chiaro&#8221;.<\/p>\n","protected":false},"excerpt":{"rendered":"<p>Savona. Barriera all&#8217;eventuale ingresso di gruppi finiani e convergenza sui temi caldi dell&#8217;urbanistica. Queste le condizioni sulle quali Rifondazione Comunista sta modulando l&#8217;accordo in vista delle elezioni di primavera per il rinnovo del consiglio comunale di Savona. Il segretario Matteo Ravera sonda il perimetro della coalizione di centrosinistra per il Berruti bis. &#8220;La convergenza con [&hellip;]<\/p>\n","protected":false},"author":13744,"featured_media":0,"comment_status":"open","ping_status":"closed","sticky":false,"template":"","format":"standard","meta":{"footnotes":""},"categories":[31],"tags":[218,1062,366,378,576,85850,20379],"class_list":["post-138297","post","type-post","status-publish","format-standard","hentry","category-politica","tag-elezioni","tag-federico-berruti","tag-marco-ravera","tag-nicola-isetta","tag-rifondazione","tag-savona","tag-sel","post_cat_citta-savona"],"amp_validity":null,"amp_enabled":true,"_links":{"self":[{"href":"https:\/\/staging.ivg.it\/ediapi\/wp\/v2\/posts\/138297","targetHints":{"allow":["GET"]}}],"collection":[{"href":"https:\/\/staging.ivg.it\/ediapi\/wp\/v2\/posts"}],"about":[{"href":"https:\/\/staging.ivg.it\/ediapi\/wp\/v2\/types\/post"}],"author":[{"embeddable":true,"href":"https:\/\/staging.ivg.it\/ediapi\/wp\/v2\/users\/13744"}],"replies":[{"embeddable":true,"href":"https:\/\/staging.ivg.it\/ediapi\/wp\/v2\/comments?post=138297"}],"version-history":[{"count":0,"href":"https:\/\/staging.ivg.it\/ediapi\/wp\/v2\/posts\/138297\/revisions"}],"wp:attachment":[{"href":"https:\/\/staging.ivg.it\/ediapi\/wp\/v2\/media?parent=138297"}],"wp:term":[{"taxonomy":"category","embeddable":true,"href":"https:\/\/staging.ivg.it\/ediapi\/wp\/v2\/categories?post=138297"},{"taxonomy":"post_tag","embeddable":true,"href":"https:\/\/staging.ivg.it\/ediapi\/wp\/v2\/tags?post=138297"}],"curies":[{"name":"wp","href":"https:\/\/api.w.org\/{rel}","templated":true}]}}