{"id":137391,"date":"2011-02-10T17:00:04","date_gmt":"2011-02-10T16:00:04","guid":{"rendered":"http:\/\/www.ivg.it\/?p=137391"},"modified":"2011-02-11T09:45:28","modified_gmt":"2011-02-11T08:45:28","slug":"albenga-nuovo-plesso-scolastico-in-stile-campus-riunione-in-provincia","status":"publish","type":"post","link":"https:\/\/staging.ivg.it\/2011\/02\/albenga-nuovo-plesso-scolastico-in-stile-campus-riunione-in-provincia\/","title":{"rendered":"Albenga, nuovo polo scolastico in stile campus: riunione in Provincia"},"content":{"rendered":"<p><strong>Albenga<\/strong>. &#8220;Ci riuniremo con i rappresentanti del Comune di Albenga per definire modalit\u00e0 e procedure, ora che il polo scolastico di Albenga pu\u00f2 diventare realt\u00e0&#8221;. Cos\u00ec l&#8217;assessore provinciale Carla Mattea sul progetto preliminare sul plesso unificato delle scuole e conseguente recupero delle aree ex Turinetto. Consistente lo stanziamento della Provincia approvato ieri: 9 milioni di euro, pari al primo lotto di lavori.<\/p>\n<p>&#8220;Sto esaminando le carte &#8211; dice l&#8217;assessore Mattea &#8211; Con gli amministratori albenganesi e i tecnici faremo il punto quanto prima sulla situazione anche economica, visto che si tratta di un progetto imponente&#8221;.<\/p>\n<p>Il nuovo polo scolastico assomiglier\u00e0 ad un campus universitario che avr\u00e0 non solo spazi riservati alla didattica e laboratori, ma anche aree ludico-ricreative per favorire l&#8217;aggregazione sociale e cittadina. Nella parte centrale saranno collocati i servizi come auditorium, sala conferenze e impianti sportivi. L&#8217;opera constituir\u00e0 anche un elemento di raccordo tra il centro ingauno e le aree lungo il Centa.<\/p>\n<p>Ma l&#8217;operazione dipende ancora dall&#8217;alienazione del liceo scientifico di viale Pontelungo da parte del Comune di Albenga, che \u00e8 pronto a mettere all&#8217;asta l&#8217;edificio scolastico e a realizzare il trasferimento delle corrispondenti classi in regione Cavallo.<\/p>\n","protected":false},"excerpt":{"rendered":"<p>Albenga. &#8220;Ci riuniremo con i rappresentanti del Comune di Albenga per definire modalit\u00e0 e procedure, ora che il polo scolastico di Albenga pu\u00f2 diventare realt\u00e0&#8221;. Cos\u00ec l&#8217;assessore provinciale Carla Mattea sul progetto preliminare sul plesso unificato delle scuole e conseguente recupero delle aree ex Turinetto. Consistente lo stanziamento della Provincia approvato ieri: 9 milioni di [&hellip;]<\/p>\n","protected":false},"author":13744,"featured_media":0,"comment_status":"open","ping_status":"closed","sticky":false,"template":"","format":"standard","meta":{"footnotes":""},"categories":[35],"tags":[85841,14350,2375,1244,375],"class_list":["post-137391","post","type-post","status-publish","format-standard","hentry","category-economia","tag-albenga","tag-carla-mattea","tag-polo-scolastico","tag-progetto","tag-provincia","post_cat_citta-albenga"],"amp_validity":null,"amp_enabled":true,"_links":{"self":[{"href":"https:\/\/staging.ivg.it\/ediapi\/wp\/v2\/posts\/137391","targetHints":{"allow":["GET"]}}],"collection":[{"href":"https:\/\/staging.ivg.it\/ediapi\/wp\/v2\/posts"}],"about":[{"href":"https:\/\/staging.ivg.it\/ediapi\/wp\/v2\/types\/post"}],"author":[{"embeddable":true,"href":"https:\/\/staging.ivg.it\/ediapi\/wp\/v2\/users\/13744"}],"replies":[{"embeddable":true,"href":"https:\/\/staging.ivg.it\/ediapi\/wp\/v2\/comments?post=137391"}],"version-history":[{"count":0,"href":"https:\/\/staging.ivg.it\/ediapi\/wp\/v2\/posts\/137391\/revisions"}],"wp:attachment":[{"href":"https:\/\/staging.ivg.it\/ediapi\/wp\/v2\/media?parent=137391"}],"wp:term":[{"taxonomy":"category","embeddable":true,"href":"https:\/\/staging.ivg.it\/ediapi\/wp\/v2\/categories?post=137391"},{"taxonomy":"post_tag","embeddable":true,"href":"https:\/\/staging.ivg.it\/ediapi\/wp\/v2\/tags?post=137391"}],"curies":[{"name":"wp","href":"https:\/\/api.w.org\/{rel}","templated":true}]}}