{"id":137390,"date":"2011-02-10T16:56:54","date_gmt":"2011-02-10T15:56:54","guid":{"rendered":"http:\/\/www.ivg.it\/?p=137390"},"modified":"2011-02-10T16:56:54","modified_gmt":"2011-02-10T15:56:54","slug":"protesta-del-13-febbraio-domani-a-savona-le-inziative-del-comitato-%e2%80%9cusciamo-dal-silenzio%e2%80%9d","status":"publish","type":"post","link":"https:\/\/staging.ivg.it\/2011\/02\/protesta-del-13-febbraio-domani-a-savona-le-inziative-del-comitato-%e2%80%9cusciamo-dal-silenzio%e2%80%9d\/","title":{"rendered":"Protesta del 13 febbraio: domani a Savona le inziative del Comitato \u201cUsciamo dal silenzio\u201d"},"content":{"rendered":"<p><strong>Savona.<\/strong> Saranno illustrate domani, 11 febbraio, a Savona alle ore 12.00 in piazza Sisto IV\u00b0 presso il Bar Haity tutte le iniziative in preparazione della manifestazione del 13 febbraio promosse dal Comitato savonese \u201cUsciamo dal silenzio\u201d.<\/p>\n<p>&#8220;Tante sono impegnate nella vita pubblica, in tutti i partiti, nei sindacati, nelle imprese, nelle associazioni e nel volontariato allo scopo di rendere pi\u00f9 civile, pi\u00f9 ricca e accogliente la societ\u00e0 in cui vivono. Hanno considerazione e rispetto di s\u00e9, della libert\u00e0 e della dignit\u00e0 femminile ottenute con il contributo di tante generazioni di donne che \u2013 va ricordato nel 150esimo dell\u2019unit\u00e0 d\u2019Italia \u2013 hanno costruito la nazione democratica. Questa ricca e varia esperienza di vita \u00e8 cancellata dalla ripetuta, indecente, ostentata rappresentazione delle donne come nudo oggetto di scambio sessuale, offerta da giornali, televisioni, pubblicit\u00e0. E ci\u00f2 non \u00e8 pi\u00f9 tollerabile. Noi chiediamo a tutte le donne, senza alcuna distinzione, di difendere il valore della loro, della nostra dignit\u00e0 e diciamo agli uomini: se non ora, quando? \u00e8 il tempo di dimostrare amicizia verso le donne&#8221; si legge in una nota del comitato.<\/p>\n<p>Durante l&#8217;incontro saranno\u00a0rese note\u00a0tutte le adesioni all\u2019appello.<\/p>\n","protected":false},"excerpt":{"rendered":"<p>Savona. Saranno illustrate domani, 11 febbraio, a Savona alle ore 12.00 in piazza Sisto IV\u00b0 presso il Bar Haity tutte le iniziative in preparazione della manifestazione del 13 febbraio promosse dal Comitato savonese \u201cUsciamo dal silenzio\u201d. &#8220;Tante sono impegnate nella vita pubblica, in tutti i partiti, nei sindacati, nelle imprese, nelle associazioni e nel volontariato [&hellip;]<\/p>\n","protected":false},"author":13744,"featured_media":0,"comment_status":"open","ping_status":"closed","sticky":false,"template":"","format":"standard","meta":{"footnotes":""},"categories":[],"tags":[506,784,85850],"class_list":["post-137390","post","type-post","status-publish","format-standard","hentry","tag-donne","tag-governo","tag-savona","post_cat_citta-savona"],"amp_validity":null,"amp_enabled":true,"_links":{"self":[{"href":"https:\/\/staging.ivg.it\/ediapi\/wp\/v2\/posts\/137390","targetHints":{"allow":["GET"]}}],"collection":[{"href":"https:\/\/staging.ivg.it\/ediapi\/wp\/v2\/posts"}],"about":[{"href":"https:\/\/staging.ivg.it\/ediapi\/wp\/v2\/types\/post"}],"author":[{"embeddable":true,"href":"https:\/\/staging.ivg.it\/ediapi\/wp\/v2\/users\/13744"}],"replies":[{"embeddable":true,"href":"https:\/\/staging.ivg.it\/ediapi\/wp\/v2\/comments?post=137390"}],"version-history":[{"count":0,"href":"https:\/\/staging.ivg.it\/ediapi\/wp\/v2\/posts\/137390\/revisions"}],"wp:attachment":[{"href":"https:\/\/staging.ivg.it\/ediapi\/wp\/v2\/media?parent=137390"}],"wp:term":[{"taxonomy":"category","embeddable":true,"href":"https:\/\/staging.ivg.it\/ediapi\/wp\/v2\/categories?post=137390"},{"taxonomy":"post_tag","embeddable":true,"href":"https:\/\/staging.ivg.it\/ediapi\/wp\/v2\/tags?post=137390"}],"curies":[{"name":"wp","href":"https:\/\/api.w.org\/{rel}","templated":true}]}}