{"id":136937,"date":"2011-02-09T11:40:17","date_gmt":"2011-02-09T10:40:17","guid":{"rendered":"http:\/\/www.ivg.it\/?p=136937"},"modified":"2011-02-09T15:19:20","modified_gmt":"2011-02-09T14:19:20","slug":"murialdo-il-ponte-tra-due-settimane-mattea-cronoprogramma-fila-liscio","status":"publish","type":"post","link":"https:\/\/staging.ivg.it\/2011\/02\/murialdo-il-ponte-tra-due-settimane-mattea-cronoprogramma-fila-liscio\/","title":{"rendered":"Murialdo, il ponte tra due settimane. Mattea: &#8220;Cronoprogramma fila liscio&#8221;"},"content":{"rendered":"<p><strong>Murialdo<\/strong>. Ancora due settimane per l&#8217;arrivo del ponte militare di tipo &#8220;Bailey&#8221; atteso a Murialdo. L&#8217;infrastruttura modulare manca ancora di pezzi e sar\u00e0 trasportata da Pontremoli a Calizzano pi\u00f9 tardi rispetto al previsto, ma questo non incider\u00e0 sul cronoprogramma dei lavori. &#8220;L&#8217;arrivo del ponte non comporta rinvii &#8211; specifica l&#8217;assessore provinciale ai lavori pubblici Carla Mattea &#8211; Si sta procedendo con la realizzazione della strada alternativa e la tempistica non sta subendo intoppi. Tutto fila liscio. Dopo la prima settimana, contraddistinta dalle nevicate, per fortuna le condizioni meteo non hanno creato altri problemi&#8221;.<\/p>\n<p>La data di consegna lavori per il bypass di localit\u00e0 Brigneta, fissata per i periodo tra il 15 e il 20 marzo, dovrebbe essere traguardata. Il ponte &#8220;Bailey&#8221; sar\u00e0 trasportato a cura di Anas e Genio Militare da Pontremoli e sar\u00e0 depositato, ancora da assemblare, nella ex casa cantoniera di Calizzano. I tempi di montaggio e posa del ponte non dovrebbero superare i 10 giorni.<\/p>\n<p>Il cantiere per la costruzione del bypass viario va avanti a spron battuto, sabato e domenica compresi. &#8220;Prossimamente effettuer\u00f2 un nuovo sopralluogo &#8211; annuncia Carla Mattea &#8211; Per ora le relazioni dei tecnici indicano un buon proseguimento dei lavori. Anche sulla Provinciale 51 le ruspe sono operative per eliminare i cumuli franati, per lo smantellamento per il disastro che comunque richiede tempo&#8221;. Per ora non sono intervenuti ulteriori smottamenti sul costone.<\/p>\n<p>Notizia aggiornata al link: <a href=\"http:\/\/www.ivg.it\/2011\/02\/murialdo-ultime-novita-sullarrivo-del-ponte-previsto-entro-lunedi\/\">http:\/\/www.ivg.it\/2011\/02\/murialdo-ultime-novita-sullarrivo-del-ponte-previsto-entro-lunedi\/<\/a> <\/p>\n","protected":false},"excerpt":{"rendered":"<p>Murialdo. Ancora due settimane per l&#8217;arrivo del ponte militare di tipo &#8220;Bailey&#8221; atteso a Murialdo. L&#8217;infrastruttura modulare manca ancora di pezzi e sar\u00e0 trasportata da Pontremoli a Calizzano pi\u00f9 tardi rispetto al previsto, ma questo non incider\u00e0 sul cronoprogramma dei lavori. &#8220;L&#8217;arrivo del ponte non comporta rinvii &#8211; specifica l&#8217;assessore provinciale ai lavori pubblici Carla [&hellip;]<\/p>\n","protected":false},"author":13744,"featured_media":0,"comment_status":"open","ping_status":"closed","sticky":false,"template":"","format":"standard","meta":{"footnotes":""},"categories":[],"tags":[14350,85921,2836],"class_list":["post-136937","post","type-post","status-publish","format-standard","hentry","tag-carla-mattea","tag-murialdo","tag-ponte","post_cat_citta-murialdo"],"amp_validity":null,"amp_enabled":true,"_links":{"self":[{"href":"https:\/\/staging.ivg.it\/ediapi\/wp\/v2\/posts\/136937","targetHints":{"allow":["GET"]}}],"collection":[{"href":"https:\/\/staging.ivg.it\/ediapi\/wp\/v2\/posts"}],"about":[{"href":"https:\/\/staging.ivg.it\/ediapi\/wp\/v2\/types\/post"}],"author":[{"embeddable":true,"href":"https:\/\/staging.ivg.it\/ediapi\/wp\/v2\/users\/13744"}],"replies":[{"embeddable":true,"href":"https:\/\/staging.ivg.it\/ediapi\/wp\/v2\/comments?post=136937"}],"version-history":[{"count":0,"href":"https:\/\/staging.ivg.it\/ediapi\/wp\/v2\/posts\/136937\/revisions"}],"wp:attachment":[{"href":"https:\/\/staging.ivg.it\/ediapi\/wp\/v2\/media?parent=136937"}],"wp:term":[{"taxonomy":"category","embeddable":true,"href":"https:\/\/staging.ivg.it\/ediapi\/wp\/v2\/categories?post=136937"},{"taxonomy":"post_tag","embeddable":true,"href":"https:\/\/staging.ivg.it\/ediapi\/wp\/v2\/tags?post=136937"}],"curies":[{"name":"wp","href":"https:\/\/api.w.org\/{rel}","templated":true}]}}